{"id":6696,"date":"2025-04-09T17:27:00","date_gmt":"2025-04-09T20:27:00","guid":{"rendered":"https:\/\/itconnect.lat\/portal\/?p=6696"},"modified":"2026-01-27T11:01:33","modified_gmt":"2026-01-27T14:01:33","slug":"aranceles-de-ee-uu-0001","status":"publish","type":"post","link":"https:\/\/itconnect.lat\/portal\/aranceles-de-ee-uu-0001\/","title":{"rendered":"Aranceles de EE.UU. 2025: \u00bfvamos a un progreso pr\u00f3spero?"},"content":{"rendered":"<h2 class=\"ng-star-inserted\"><span class=\"ng-star-inserted\">La Onda Expansiva de aranceles de EE.UU.: Un Freno y Acelerador Inesperado para la Tecnolog\u00eda Latinoamericana<\/span><\/h2>\n<figure id=\"attachment_6700\" aria-describedby=\"caption-attachment-6700\" style=\"width: 400px\" class=\"wp-caption alignleft\"><a href=\"https:\/\/itconnect.lat\/portal\/wp-content\/uploads\/2025\/04\/95859169-9304-431e-b3c2-11ffa283bd0f-e1744230172984.png\"><img loading=\"lazy\" decoding=\"async\" class=\"size-full wp-image-6700\" src=\"https:\/\/itconnect.lat\/portal\/wp-content\/uploads\/2025\/04\/95859169-9304-431e-b3c2-11ffa283bd0f-e1744230172984.png\" alt=\"Aranceles de EE.UU.\" width=\"400\" height=\"600\" title=\"\"><\/a><figcaption id=\"caption-attachment-6700\" class=\"wp-caption-text\">Aranceles de EE.UU.<\/figcaption><\/figure>\n<p class=\"ng-star-inserted\"><span class=\"ng-star-inserted\">La decisi\u00f3n de Estados Unidos, iniciada prominentemente bajo la administraci\u00f3n Trump en 2018, de reconfigurar las reglas del comercio global mediante la imposici\u00f3n de aranceles a una escala no vista en d\u00e9cadas, desat\u00f3 una tormenta econ\u00f3mica cuyas r\u00e9plicas contin\u00faan sacudiendo los cimientos del sistema multilateral. <\/span><\/p>\n<p class=\"ng-star-inserted\"><span class=\"ng-star-inserted\">M\u00e1s all\u00e1 de la confrontaci\u00f3n directa con China, esta estrategia, justificada bajo argumentos de seguridad nacional y competencia desleal, gener\u00f3 una onda expansiva que alcanz\u00f3 a pr\u00e1cticamente todos los rincones del planeta. <\/span><\/p>\n<p class=\"ng-star-inserted\"><span class=\"ng-star-inserted\">Am\u00e9rica Latina, una regi\u00f3n intr\u00ednsecamente ligada a los ciclos econ\u00f3micos globales y a la demanda de sus socios comerciales principales, no fue inmune. <\/span><\/p>\n<p class=\"ng-star-inserted\"><span class=\"ng-star-inserted\">El impacto, sin embargo, trasciende la simple fluctuaci\u00f3n de exportaciones; ha permeado un \u00e1rea crucial para el futuro de la regi\u00f3n: su desarrollo tecnol\u00f3gico, actuando a la vez como un freno inesperado y, parad\u00f3jicamente, como un catalizador para ciertos cambios estructurales.<\/span><\/p>\n<h3 class=\"ng-star-inserted\"><strong class=\"ng-star-inserted\"><span class=\"ng-star-inserted\">El Origen de la Tormenta: La Estrategia Arancelaria Estadounidense<\/span><\/strong><\/h3>\n<p class=\"ng-star-inserted\"><span class=\"ng-star-inserted\">El punto de inflexi\u00f3n se sit\u00faa en 2018. La administraci\u00f3n estadounidense, citando el Art\u00edculo 232 de la Ley de Expansi\u00f3n Comercial de 1962, impuso aranceles del 25% a las importaciones de acero y del 10% a las de aluminio, afectando a numerosos pa\u00edses, incluidos aliados tradicionales. <\/span><\/p>\n<p class=\"ng-star-inserted\"><span class=\"ng-star-inserted\">La justificaci\u00f3n oficial se centr\u00f3 en la protecci\u00f3n de la industria nacional por motivos de seguridad nacional, un argumento que fue ampliamente cuestionado en foros internacionales como la Organizaci\u00f3n Mundial del Comercio (OMC). <\/span><\/p>\n<p class=\"ng-star-inserted\"><span class=\"ng-star-inserted\">Seg\u00fan datos del U.S. Department of Commerce y an\u00e1lisis del Peterson Institute for International Economics (PIIE), estos aranceles iniciales, aunque dirigidos globalmente, tuvieron un impacto significativo en productores como Brasil y M\u00e9xico.<\/span><\/p>\n<p class=\"ng-star-inserted\"><span class=\"ng-star-inserted\">Poco despu\u00e9s, la atenci\u00f3n se centr\u00f3 de manera m\u00e1s agresiva en China. <\/span><\/p>\n<p class=\"ng-star-inserted\"><span class=\"ng-star-inserted\">Utilizando la Secci\u00f3n 301 de la Ley de Comercio de 1974, EE.UU. acus\u00f3 a Pek\u00edn de pr\u00e1cticas comerciales desleales, robo de propiedad intelectual y transferencia forzada de tecnolog\u00eda. <\/span><\/p>\n<p class=\"ng-star-inserted\"><span class=\"ng-star-inserted\">Esto desencaden\u00f3 varias rondas de aranceles sobre cientos de miles de millones de d\u00f3lares en bienes chinos, provocando represalias equivalentes por parte de China sobre productos estadounidenses, especialmente agr\u00edcolas. <\/span><\/p>\n<p class=\"ng-star-inserted\"><span class=\"ng-star-inserted\">La escalada gener\u00f3 una disrupci\u00f3n masiva en las cadenas de suministro globales, increment\u00f3 la incertidumbre para las empresas y enfri\u00f3 las perspectivas de crecimiento econ\u00f3mico mundial, tal como advirtieron repetidamente el Fondo Monetario Internacional (FMI) y el Banco Mundial en sus informes de Perspectivas Econ\u00f3micas Mundiales (WEO) entre 2018 y 2020.<\/span><\/p>\n<p class=\"ng-star-inserted\"><span class=\"ng-star-inserted\">Aunque la administraci\u00f3n Biden ha adoptado un enfoque distinto, revisando algunas pol\u00edticas y buscando la colaboraci\u00f3n con aliados, muchos de los aranceles impuestos bajo Trump permanecen vigentes, y la postura de competencia estrat\u00e9gica con China, especialmente en el \u00e1mbito tecnol\u00f3gico, se ha mantenido e incluso intensificado. <\/span><\/p>\n<p class=\"ng-star-inserted\"><span class=\"ng-star-inserted\">Informes del Congressional Research Service (CRS) de EE.UU. confirman la continuidad de estas tensiones comerciales y tecnol\u00f3gicas como un eje central de la pol\u00edtica exterior estadounidense.<\/span><\/p>\n<h3 class=\"ng-star-inserted\"><strong class=\"ng-star-inserted\"><span class=\"ng-star-inserted\">Impacto Global: M\u00e1s All\u00e1 de la Guerra Comercial Bilateral<\/span><\/strong><\/h3>\n<p class=\"ng-star-inserted\"><span class=\"ng-star-inserted\">La crisis arancelaria no fue un asunto exclusivo entre Washington y Pek\u00edn. Las medidas y contramedidas afectaron los flujos comerciales a nivel mundial. Pa\u00edses que no estaban directamente en el ojo del hurac\u00e1n sufrieron da\u00f1os colaterales:<\/span><\/p>\n<p class=\"ng-star-inserted\"><strong class=\"ng-star-inserted\"><span class=\"ng-star-inserted\">Disrupci\u00f3n de Cadenas de Valor:<\/span><\/strong><span class=\"ng-star-inserted\">\u00a0<\/span><\/p>\n<p class=\"ng-star-inserted\"><span class=\"ng-star-inserted\">Empresas multinacionales con cadenas de suministro complejas que atravesaban EE.UU. y China se vieron obligadas a reevaluar sus operaciones, buscar proveedores alternativos o absorber mayores costos. <\/span><\/p>\n<p class=\"ng-star-inserted\"><span class=\"ng-star-inserted\">Esto afect\u00f3 a industrias clave como la automotriz, la electr\u00f3nica y la manufacturera en general. Datos de la UNCTAD (Conferencia de las Naciones Unidas sobre Comercio y Desarrollo) mostraron una desaceleraci\u00f3n en el crecimiento del comercio mundial y una ca\u00edda en la inversi\u00f3n extranjera directa (IED) global en los a\u00f1os posteriores al inicio de las tensiones.<\/span><\/p>\n<p class=\"ng-star-inserted\"><strong class=\"ng-star-inserted\"><span class=\"ng-star-inserted\">Incertidumbre y Volatilidad:<\/span><\/strong><span class=\"ng-star-inserted\">\u00a0<\/span><\/p>\n<figure id=\"attachment_6702\" aria-describedby=\"caption-attachment-6702\" style=\"width: 428px\" class=\"wp-caption alignleft\"><a href=\"https:\/\/itconnect.lat\/portal\/wp-content\/uploads\/2025\/04\/descarga-e1744230210293.jpg\"><img loading=\"lazy\" decoding=\"async\" class=\"size-full wp-image-6702\" src=\"https:\/\/itconnect.lat\/portal\/wp-content\/uploads\/2025\/04\/descarga-e1744230210293.jpg\" alt=\"Aranceles de EE.UU.\" width=\"428\" height=\"300\" title=\"\"><\/a><figcaption id=\"caption-attachment-6702\" class=\"wp-caption-text\">Aranceles de EE.UU.<\/figcaption><\/figure>\n<p class=\"ng-star-inserted\"><span class=\"ng-star-inserted\">La imprevisibilidad de la pol\u00edtica comercial estadounidense y las posibles represalias generaron un clima de incertidumbre que fren\u00f3 decisiones de inversi\u00f3n a largo plazo. Los mercados financieros reaccionaron con volatilidad, y las primas de riesgo aumentaron para muchas econom\u00edas emergentes.<\/span><\/p>\n<p class=\"ng-star-inserted\"><strong class=\"ng-star-inserted\"><span class=\"ng-star-inserted\">Debilitamiento del Sistema Multilateral:<\/span><\/strong><span class=\"ng-star-inserted\">\u00a0<\/span><\/p>\n<p class=\"ng-star-inserted\"><span class=\"ng-star-inserted\">El uso unilateral de aranceles y el cuestionamiento de los mecanismos de resoluci\u00f3n de disputas de la OMC debilitaron la confianza en el sistema de comercio basado en reglas que hab\u00eda regido las relaciones econ\u00f3micas internacionales durante d\u00e9cadas. Informes de la propia OMC documentaron el aumento r\u00e9cord de medidas restrictivas al comercio durante este per\u00edodo.<\/span><\/p>\n<h3 class=\"ng-star-inserted\"><strong class=\"ng-star-inserted\"><span class=\"ng-star-inserted\">Am\u00e9rica Latina en la Encrucijada: Efectos Directos e Indirectos<\/span><\/strong><\/h3>\n<p class=\"ng-star-inserted\"><span class=\"ng-star-inserted\">Para Am\u00e9rica Latina, la crisis arancelaria present\u00f3 un panorama complejo y heterog\u00e9neo. Los efectos se sintieron a trav\u00e9s de varios canales:<\/span><\/p>\n<p class=\"ng-star-inserted\"><strong class=\"ng-star-inserted\"><span class=\"ng-star-inserted\">Impacto Directo:<\/span><\/strong><span class=\"ng-star-inserted\">\u00a0<\/span><\/p>\n<p class=\"ng-star-inserted\"><span class=\"ng-star-inserted\">Algunos pa\u00edses latinoamericanos fueron directamente afectados por los aranceles al acero y aluminio. Brasil y M\u00e9xico, importantes exportadores de estos metales a EE.UU., tuvieron que negociar cuotas o enfrentar los grav\u00e1menes, lo que impact\u00f3 a sus industrias sider\u00fargicas. <\/span><\/p>\n<p class=\"ng-star-inserted\"><span class=\"ng-star-inserted\">Datos de la Comisi\u00f3n Econ\u00f3mica para Am\u00e9rica Latina y el Caribe (CEPAL) y de los respectivos institutos nacionales de estad\u00edstica (como el INEGI en M\u00e9xico y el IBGE en Brasil) reflejaron estas tensiones en las balanzas comerciales sectoriales.<\/span><\/p>\n<p class=\"ng-star-inserted\"><strong class=\"ng-star-inserted\"><span class=\"ng-star-inserted\">Impacto Indirecto (Demanda Global):<\/span><\/strong><span class=\"ng-star-inserted\">\u00a0<\/span><\/p>\n<p class=\"ng-star-inserted\"><span class=\"ng-star-inserted\">La desaceleraci\u00f3n econ\u00f3mica global inducida por las tensiones comerciales redujo la demanda de materias primas, un pilar de las exportaciones de muchos pa\u00edses sudamericanos. La volatilidad en los precios de los commodities afect\u00f3 los ingresos fiscales y las balanzas de pagos.<\/span><\/p>\n<p class=\"ng-star-inserted\"><strong class=\"ng-star-inserted\"><span class=\"ng-star-inserted\">Impacto Indirecto (China):<\/span><\/strong><span class=\"ng-star-inserted\">\u00a0<\/span><\/p>\n<p class=\"ng-star-inserted\"><span class=\"ng-star-inserted\">La desaceleraci\u00f3n del crecimiento chino, inducida en parte por los aranceles estadounidenses, tambi\u00e9n repercuti\u00f3 en Am\u00e9rica Latina, ya que China se ha convertido en un socio comercial fundamental para la regi\u00f3n, especialmente para los exportadores de productos agr\u00edcolas y minerales como Brasil, Chile, Per\u00fa y Argentina. <\/span><\/p>\n<p class=\"ng-star-inserted\"><span class=\"ng-star-inserted\">Informes del Banco Interamericano de Desarrollo (BID) analizaron esta dependencia y los riesgos asociados.<\/span><\/p>\n<p class=\"ng-star-inserted\"><strong class=\"ng-star-inserted\"><span class=\"ng-star-inserted\">Impacto Indirecto (Cadenas de Valor):<\/span><\/strong><span class=\"ng-star-inserted\">\u00a0<\/span><\/p>\n<p class=\"ng-star-inserted\"><span class=\"ng-star-inserted\">Pa\u00edses como M\u00e9xico, profundamente integrados en las cadenas de valor norteamericanas (especialmente en el sector automotriz y electr\u00f3nico a trav\u00e9s del entonces TLCAN, ahora T-MEC), sintieron la presi\u00f3n. <\/span><\/p>\n<p class=\"ng-star-inserted\"><span class=\"ng-star-inserted\">La incertidumbre sobre las reglas comerciales y los aranceles sobre componentes provenientes de Asia o destinados al mercado estadounidense complicaron la planificaci\u00f3n y aumentaron los costos operativos.<\/span><\/p>\n<h3 class=\"ng-star-inserted\"><strong class=\"ng-star-inserted\"><span class=\"ng-star-inserted\">El Prisma Tecnol\u00f3gico: Frenos al Desarrollo en Am\u00e9rica Latina<\/span><\/strong><\/h3>\n<p class=\"ng-star-inserted\"><span class=\"ng-star-inserted\">Es en el \u00e1mbito del desarrollo tecnol\u00f3gico donde los efectos de la crisis arancelaria se vuelven particularmente perniciosos y complejos para Am\u00e9rica Latina. <\/span><\/p>\n<p class=\"ng-star-inserted\"><span class=\"ng-star-inserted\">La regi\u00f3n ya enfrenta brechas significativas en innovaci\u00f3n, infraestructura digital y capital humano especializado en comparaci\u00f3n con econom\u00edas avanzadas. <\/span><\/p>\n<p class=\"ng-star-inserted\"><span class=\"ng-star-inserted\">La tormenta arancelaria a\u00f1adi\u00f3 nuevos obst\u00e1culos:<\/span><\/p>\n<p class=\"ng-star-inserted\"><strong class=\"ng-star-inserted\"><span class=\"ng-star-inserted\">Encarecimiento del Acceso a Tecnolog\u00eda:<\/span><\/strong><span class=\"ng-star-inserted\">\u00a0<\/span><\/p>\n<p class=\"ng-star-inserted\"><span class=\"ng-star-inserted\">Muchos de los aranceles impuestos por EE.UU. y las represalias de China afectaron a bienes intermedios y de capital, incluyendo maquinaria, equipos electr\u00f3nicos, semiconductores y componentes tecnol\u00f3gicos. <\/span><\/p>\n<p class=\"ng-star-inserted\"><span class=\"ng-star-inserted\">Para las empresas latinoamericanas que buscan modernizarse, adoptar nuevas tecnolog\u00edas (Industria 4.0, IoT, IA) o simplemente mantener sus operaciones, esto se tradujo en mayores costos de importaci\u00f3n. La CEPAL, en diversos estudios sobre la transformaci\u00f3n digital en la regi\u00f3n, ha se\u00f1alado el costo del equipamiento como una barrera importante, exacerbada por las tensiones comerciales. <\/span><\/p>\n<p class=\"ng-star-inserted\"><span class=\"ng-star-inserted\">El acceso a tecnolog\u00eda de punta, a menudo proveniente de EE.UU., Europa o Asia (incluida China), se volvi\u00f3 m\u00e1s oneroso, dificultando la mejora de la productividad y la competitividad.<\/span><\/p>\n<p class=\"ng-star-inserted\"><strong class=\"ng-star-inserted\"><span class=\"ng-star-inserted\">Inhibici\u00f3n de la Inversi\u00f3n en I+D+i:<\/span><\/strong><span class=\"ng-star-inserted\">\u00a0<\/span><\/p>\n<p class=\"ng-star-inserted\"><span class=\"ng-star-inserted\">El clima de incertidumbre econ\u00f3mica global y regional generado por la guerra comercial disuadi\u00f3 la inversi\u00f3n, tanto extranjera como local. Las decisiones de inversi\u00f3n en Investigaci\u00f3n, Desarrollo e innovaci\u00f3n (I+D+i), que son inherentemente de largo plazo y con retornos inciertos, fueron particularmente vulnerables. <\/span><\/p>\n<p class=\"ng-star-inserted\"><span class=\"ng-star-inserted\">Empresas locales pospusieron proyectos de expansi\u00f3n tecnol\u00f3gica, y la atracci\u00f3n de IED hacia sectores de alta tecnolog\u00eda en la regi\u00f3n se vio comprometida. Datos del BID y de la UNCTAD sobre flujos de IED hacia Am\u00e9rica Latina mostraron una tendencia a la baja o estancamiento en los a\u00f1os de mayor tensi\u00f3n comercial, aunque otros factores macroecon\u00f3micos tambi\u00e9n influyeron. <\/span><\/p>\n<p class=\"ng-star-inserted\"><span class=\"ng-star-inserted\">La falta de inversi\u00f3n fresca en tecnolog\u00eda frena la capacidad de la regi\u00f3n para escalar posiciones en las cadenas globales de valor y diversificar sus econom\u00edas m\u00e1s all\u00e1 de los recursos naturales.<\/span><\/p>\n<p class=\"ng-star-inserted\"><strong class=\"ng-star-inserted\"><span class=\"ng-star-inserted\">Disrupci\u00f3n de Cadenas de Suministro Tecnol\u00f3gicas:<\/span><\/strong><span class=\"ng-star-inserted\">\u00a0<\/span><\/p>\n<p class=\"ng-star-inserted\"><span class=\"ng-star-inserted\">La industria tecnol\u00f3gica global es un entramado complejo de proveedores y ensambladores. Los aranceles perturbaron estas redes. <\/span><\/p>\n<p class=\"ng-star-inserted\"><span class=\"ng-star-inserted\">Por ejemplo, empresas de manufactura electr\u00f3nica en M\u00e9xico o Brasil que depend\u00edan de componentes chinos para ensamblar productos destinados al mercado estadounidense (o viceversa) enfrentaron un laberinto de nuevas regulaciones y costos. <\/span><\/p>\n<p class=\"ng-star-inserted\"><span class=\"ng-star-inserted\">Esto no solo afect\u00f3 a grandes multinacionales, sino tambi\u00e9n a empresas locales que actuaban como proveedoras o que intentaban integrarse en estas cadenas. La dificultad para asegurar un suministro estable y asequible de componentes cr\u00edticos (como chips) se agudiz\u00f3, un problema que la pandemia de COVID-19 luego llevar\u00eda al extremo.<\/span><\/p>\n<p class=\"ng-star-inserted\"><strong class=\"ng-star-inserted\"><span class=\"ng-star-inserted\">Impacto en la Formaci\u00f3n de Capital Humano:<\/span><\/strong><span class=\"ng-star-inserted\">\u00a0<\/span><\/p>\n<figure id=\"attachment_6701\" aria-describedby=\"caption-attachment-6701\" style=\"width: 400px\" class=\"wp-caption alignleft\"><a href=\"https:\/\/itconnect.lat\/portal\/wp-content\/uploads\/2025\/04\/caa62558-52ca-49c4-9bfa-7f4798b57d26-e1744230278956.png\"><img loading=\"lazy\" decoding=\"async\" class=\"size-full wp-image-6701\" src=\"https:\/\/itconnect.lat\/portal\/wp-content\/uploads\/2025\/04\/caa62558-52ca-49c4-9bfa-7f4798b57d26-e1744230278956.png\" alt=\"Aranceles de EE.UU.\" width=\"400\" height=\"400\" title=\"\"><\/a><figcaption id=\"caption-attachment-6701\" class=\"wp-caption-text\">Aranceles de EE.UU.<\/figcaption><\/figure>\n<p class=\"ng-star-inserted\"><span class=\"ng-star-inserted\">Si bien es un efecto m\u00e1s indirecto, la desaceleraci\u00f3n econ\u00f3mica y la menor inversi\u00f3n en sectores tecnol\u00f3gicos pueden reducir las oportunidades de empleo cualificado y la demanda de formaci\u00f3n especializada en \u00e1reas STEM (Ciencia, Tecnolog\u00eda, Ingenier\u00eda y Matem\u00e1ticas). <\/span><\/p>\n<p class=\"ng-star-inserted\"><span class=\"ng-star-inserted\">Un ecosistema tecnol\u00f3gico menos din\u00e1mico ofrece menos incentivos para que los j\u00f3venes se formen en estas \u00e1reas y puede fomentar la fuga de cerebros hacia regiones con mayores oportunidades. <\/span><\/p>\n<p class=\"ng-star-inserted\"><span class=\"ng-star-inserted\">Organizaciones como la OIT (Organizaci\u00f3n Internacional del Trabajo) han se\u00f1alado la importancia de la inversi\u00f3n tecnol\u00f3gica para la creaci\u00f3n de empleos de calidad en la regi\u00f3n.<\/span><\/p>\n<h3 class=\"ng-star-inserted\"><strong class=\"ng-star-inserted\"><span class=\"ng-star-inserted\">\u00bfUna Ventana de Oportunidad? Nearshoring y la Reconfiguraci\u00f3n Geopol\u00edtica<\/span><\/strong><\/h3>\n<p class=\"ng-star-inserted\"><span class=\"ng-star-inserted\">Parad\u00f3jicamente, la misma crisis que cre\u00f3 obst\u00e1culos tambi\u00e9n abri\u00f3 potenciales ventanas de oportunidad para Am\u00e9rica Latina, principalmente a trav\u00e9s del fen\u00f3meno del\u00a0<\/span><span class=\"ng-star-inserted\">nearshoring<\/span><span class=\"ng-star-inserted\">\u00a0o\u00a0<\/span><span class=\"ng-star-inserted\">friend-shoring<\/span><span class=\"ng-star-inserted\">. <\/span><\/p>\n<p class=\"ng-star-inserted\"><span class=\"ng-star-inserted\">La estrategia de EE.UU. de reducir la dependencia de China, sumada a las disrupciones evidenciadas por la pandemia, llev\u00f3 a muchas empresas a buscar relocalizar parte de su producci\u00f3n m\u00e1s cerca de sus mercados finales o en pa\u00edses considerados aliados geopol\u00edticos.<\/span><\/p>\n<p class=\"ng-star-inserted\"><span class=\"ng-star-inserted\">M\u00e9xico, por su proximidad geogr\u00e1fica a EE.UU. y el marco del T-MEC, emergi\u00f3 como un candidato natural. Varios informes de consultoras internacionales (como McKinsey, Deloitte) y datos de asociaciones industriales (como la INDEX en M\u00e9xico) han documentado un creciente inter\u00e9s y, en algunos casos, inversiones concretas en sectores como el automotriz, electr\u00f3nico y de dispositivos m\u00e9dicos. <\/span><\/p>\n<p class=\"ng-star-inserted\"><span class=\"ng-star-inserted\">Esto podr\u00eda, te\u00f3ricamente, impulsar la transferencia de tecnolog\u00eda y la sofisticaci\u00f3n de la base industrial mexicana.<\/span><\/p>\n<p class=\"ng-star-inserted\"><span class=\"ng-star-inserted\">Otros pa\u00edses como Costa Rica (con un cl\u00faster establecido de dispositivos m\u00e9dicos y servicios tecnol\u00f3gicos), Colombia y, en menor medida, Brasil, tambi\u00e9n buscaron posicionarse para atraer estas inversiones. El BID ha publicado estudios explorando el potencial del\u00a0<\/span><span class=\"ng-star-inserted\">nearshoring<\/span><span class=\"ng-star-inserted\">\u00a0para impulsar el desarrollo regional.<\/span><\/p>\n<p class=\"ng-star-inserted\"><span class=\"ng-star-inserted\">Sin embargo, convertir este inter\u00e9s en un verdadero salto tecnol\u00f3gico para la regi\u00f3n enfrenta desaf\u00edos:<\/span><\/p>\n<ul class=\"ng-star-inserted\">\n<li class=\"ng-star-inserted\">\n<p class=\"ng-star-inserted\"><strong class=\"ng-star-inserted\"><span class=\"ng-star-inserted\">Competencia Global:<\/span><\/strong><span class=\"ng-star-inserted\">\u00a0Am\u00e9rica Latina compite con otras regiones (Sudeste Asi\u00e1tico, Europa del Este) que tambi\u00e9n buscan atraer estas inversiones.<\/span><\/p>\n<\/li>\n<li class=\"ng-star-inserted\">\n<p class=\"ng-star-inserted\"><strong class=\"ng-star-inserted\"><span class=\"ng-star-inserted\">Infraestructura y Talento:<\/span><\/strong><span class=\"ng-star-inserted\">\u00a0La regi\u00f3n necesita mejorar significativamente su infraestructura log\u00edstica, energ\u00e9tica y digital, as\u00ed como la disponibilidad de talento humano cualificado para absorber inversiones de mayor valor agregado tecnol\u00f3gico. La CEPAL constantemente subraya estas brechas estructurales.<\/span><\/p>\n<\/li>\n<li class=\"ng-star-inserted\">\n<p class=\"ng-star-inserted\"><strong class=\"ng-star-inserted\"><span class=\"ng-star-inserted\">Riesgo de &#8220;Maquila Avanzada&#8221;:<\/span><\/strong><span class=\"ng-star-inserted\">\u00a0Existe el riesgo de que el\u00a0<\/span><span class=\"ng-star-inserted\">nearshoring<\/span><span class=\"ng-star-inserted\">\u00a0se limite a operaciones de ensamblaje o manufactura de bajo valor agregado, sin una transferencia significativa de tecnolog\u00eda, I+D o capacidades de dise\u00f1o. Para que el impacto sea transformador, se requieren pol\u00edticas p\u00fablicas activas que fomenten la absorci\u00f3n tecnol\u00f3gica y la integraci\u00f3n de empresas locales en estas nuevas cadenas.<\/span><\/p>\n<\/li>\n<li class=\"ng-star-inserted\">\n<p class=\"ng-star-inserted\"><strong class=\"ng-star-inserted\"><span class=\"ng-star-inserted\">Inestabilidad Pol\u00edtica y Regulatoria:<\/span><\/strong><span class=\"ng-star-inserted\">\u00a0La propia inestabilidad pol\u00edtica o la falta de un marco regulatorio claro y estable en algunos pa\u00edses latinoamericanos pueden disuadir a inversores a pesar de las ventajas geogr\u00e1ficas o comerciales.<\/span><\/p>\n<\/li>\n<\/ul>\n<h3 class=\"ng-star-inserted\"><strong class=\"ng-star-inserted\"><span class=\"ng-star-inserted\">La Sombra de la Guerra Tecnol\u00f3gica: El Dilema del 5G y M\u00e1s All\u00e1<\/span><\/strong><\/h3>\n<p class=\"ng-star-inserted\"><span class=\"ng-star-inserted\">La crisis arancelaria est\u00e1 intr\u00ednsecamente ligada a una competencia geopol\u00edtica y tecnol\u00f3gica m\u00e1s amplia entre EE.UU. y China. <\/span><\/p>\n<p class=\"ng-star-inserted\"><span class=\"ng-star-inserted\">Esto se manifiesta de forma aguda en el debate sobre las redes 5G. EE.UU. ha presionado activamente a sus aliados, incluidos los pa\u00edses latinoamericanos, para que excluyan a proveedores chinos como Huawei de sus infraestructuras cr\u00edticas, alegando riesgos de seguridad. <\/span><\/p>\n<p class=\"ng-star-inserted\"><span class=\"ng-star-inserted\">Informes del Council on Foreign Relations (CFR) y del Atlantic Council han documentado esta campa\u00f1a diplom\u00e1tica.<\/span><\/p>\n<p class=\"ng-star-inserted\"><span class=\"ng-star-inserted\">Para Am\u00e9rica Latina, esto representa un dilema complejo. <\/span><\/p>\n<p class=\"ng-star-inserted\"><span class=\"ng-star-inserted\">Las empresas chinas a menudo ofrecen tecnolog\u00eda 5G a precios m\u00e1s competitivos y con financiamiento atractivo, lo cual es tentador para pa\u00edses con presupuestos limitados y una gran necesidad de mejorar su conectividad digital. <\/span><\/p>\n<p class=\"ng-star-inserted\"><span class=\"ng-star-inserted\">Sin embargo, alinearse con China podr\u00eda generar tensiones con EE.UU., su principal socio comercial e inversor hist\u00f3rico en muchos casos. Por otro lado, optar exclusivamente por proveedores occidentales podr\u00eda encarecer y retrasar el despliegue del 5G, una tecnolog\u00eda considerada clave para la pr\u00f3xima ola de innovaci\u00f3n (IoT, ciudades inteligentes, Industria 4.0).<\/span><\/p>\n<p class=\"ng-star-inserted\"><span class=\"ng-star-inserted\">Esta &#8220;balcanizaci\u00f3n&#8221; tecnol\u00f3gica, donde el mundo se divide en esferas tecnol\u00f3gicas influenciadas por EE.UU. o China, podr\u00eda limitar el acceso de Am\u00e9rica Latina a las mejores y m\u00e1s asequibles tecnolog\u00edas disponibles, fragmentar los est\u00e1ndares y dificultar la interoperabilidad. La decisi\u00f3n sobre el 5G es solo la punta del iceberg de una tendencia que podr\u00eda afectar \u00e1reas como la inteligencia artificial, la biotecnolog\u00eda y la computaci\u00f3n cu\u00e1ntica.<\/span><\/p>\n<h3 class=\"ng-star-inserted\"><strong class=\"ng-star-inserted\"><span class=\"ng-star-inserted\">Navegando Aguas Turbulentas Hacia un Futuro Tecnol\u00f3gico Incierto<\/span><\/strong><\/h3>\n<p class=\"ng-star-inserted\"><span class=\"ng-star-inserted\">La crisis arancelaria iniciada por Estados Unidos ha sido mucho m\u00e1s que una disputa comercial bilateral. <\/span><\/p>\n<p class=\"ng-star-inserted\"><span class=\"ng-star-inserted\">Ha reconfigurado el panorama econ\u00f3mico global y ha tenido un impacto profundo y multifac\u00e9tico en Am\u00e9rica Latina. <\/span><\/p>\n<p class=\"ng-star-inserted\"><span class=\"ng-star-inserted\">Para el desarrollo tecnol\u00f3gico de la regi\u00f3n, los efectos han sido predominantemente negativos a corto y mediano plazo: encarecimiento del acceso a tecnolog\u00eda clave, inhibici\u00f3n de la inversi\u00f3n en innovaci\u00f3n y disrupci\u00f3n de cadenas de suministro vitales. <\/span><\/p>\n<p class=\"ng-star-inserted\"><span class=\"ng-star-inserted\">Estos factores han actuado como un freno en un momento en que la regi\u00f3n necesita acelerar su transformaci\u00f3n digital para mejorar la productividad, la competitividad y el bienestar social.<\/span><\/p>\n<p class=\"ng-star-inserted\"><span class=\"ng-star-inserted\">No obstante, la misma crisis ha generado din\u00e1micas geopol\u00edticas que abren potenciales oportunidades, especialmente a trav\u00e9s del\u00a0<\/span><span class=\"ng-star-inserted\">nearshoring<\/span><span class=\"ng-star-inserted\">. <\/span><\/p>\n<p class=\"ng-star-inserted\"><span class=\"ng-star-inserted\">La posibilidad de atraer inversiones que buscan diversificar riesgos fuera de Asia podr\u00eda dar un impulso a ciertos sectores y pa\u00edses. Sin embargo, capitalizar esta oportunidad requiere superar importantes desaf\u00edos estructurales internos y dise\u00f1ar pol\u00edticas p\u00fablicas inteligentes que aseguren que estas inversiones se traduzcan en un desarrollo tecnol\u00f3gico genuino y no solo en una relocalizaci\u00f3n de ensamblaje.<\/span><\/p>\n<p class=\"ng-star-inserted\"><span class=\"ng-star-inserted\">Am\u00e9rica Latina se encuentra navegando aguas turbulentas. La tensi\u00f3n entre las grandes potencias, manifestada tanto en aranceles como en la competencia tecnol\u00f3gica, obliga a la regi\u00f3n a tomar decisiones estrat\u00e9gicas complejas. <\/span><\/p>\n<p class=\"ng-star-inserted\"><span class=\"ng-star-inserted\">El camino hacia un futuro tecnol\u00f3gico pr\u00f3spero requerir\u00e1 no solo sortear los obst\u00e1culos impuestos por el entorno global, sino tambi\u00e9n abordar sus propias debilidades hist\u00f3ricas en materia de inversi\u00f3n en I+D, educaci\u00f3n de calidad e infraestructura. <\/span><\/p>\n<p class=\"ng-star-inserted\"><span class=\"ng-star-inserted\">La onda expansiva de los aranceles estadounidenses ha complicado la traves\u00eda, pero tambi\u00e9n ha subrayado la urgencia de construir una mayor resiliencia y autonom\u00eda tecnol\u00f3gica en la regi\u00f3n. El desaf\u00edo es convertir la adversidad en un catalizador para una transformaci\u00f3n profunda y sostenible.<\/span><\/p>\n<p class=\"ng-star-inserted\"><span style=\"font-size: 8pt;\"><strong class=\"ng-star-inserted\"><span class=\"ng-star-inserted\">Fuentes Verificadas\u00a0<\/span><\/strong><\/span><\/p>\n<ol class=\"ng-star-inserted\">\n<li class=\"ng-star-inserted\">\n<p class=\"ng-star-inserted\"><span style=\"font-size: 8pt;\"><strong class=\"ng-star-inserted\"><span class=\"ng-star-inserted\">Organismos Internacionales:<\/span><\/strong><\/span><\/p>\n<ul class=\"ng-star-inserted\">\n<li class=\"ng-star-inserted\">\n<p class=\"ng-star-inserted\"><span class=\"ng-star-inserted\" style=\"font-size: 8pt;\"><a href=\"https:\/\/web.archive.org\/web\/20260119050143\/https:\/\/www.imf.org\/es\/home\" target=\"_blank\" rel=\"noopener\">Fondo Monetario Internacional<\/a> (FMI): Informes WEO (World Economic Outlook), an\u00e1lisis sobre impacto de tensiones comerciales.<\/span><\/p>\n<\/li>\n<li class=\"ng-star-inserted\">\n<p class=\"ng-star-inserted\"><span class=\"ng-star-inserted\" style=\"font-size: 8pt;\">Banco Mundial: Informes Global Economic Prospects, estudios sobre cadenas de valor.<\/span><\/p>\n<\/li>\n<li class=\"ng-star-inserted\">\n<p class=\"ng-star-inserted\"><span class=\"ng-star-inserted\" style=\"font-size: 8pt;\">Organizaci\u00f3n Mundial del Comercio (OMC): Informes sobre medidas comerciales restrictivas, disputas comerciales.<\/span><\/p>\n<\/li>\n<li class=\"ng-star-inserted\">\n<p class=\"ng-star-inserted\"><span class=\"ng-star-inserted\" style=\"font-size: 8pt;\">Comisi\u00f3n Econ\u00f3mica para Am\u00e9rica Latina y el Caribe (CEPAL\/ECLAC): Estudios sobre panorama econ\u00f3mico regional, transformaci\u00f3n digital, inversi\u00f3n extranjera directa.<\/span><\/p>\n<\/li>\n<li class=\"ng-star-inserted\">\n<p class=\"ng-star-inserted\"><span class=\"ng-star-inserted\" style=\"font-size: 8pt;\">Banco Interamericano de Desarrollo (BID): Informes sobre nearshoring, impacto de China en la regi\u00f3n, desarrollo tecnol\u00f3gico.<\/span><\/p>\n<\/li>\n<li class=\"ng-star-inserted\">\n<p class=\"ng-star-inserted\"><span class=\"ng-star-inserted\" style=\"font-size: 8pt;\">Conferencia de las Naciones Unidas sobre Comercio y Desarrollo (UNCTAD): Informes sobre comercio global, flujos de IED.<\/span><\/p>\n<\/li>\n<\/ul>\n<\/li>\n<li class=\"ng-star-inserted\">\n<p class=\"ng-star-inserted\"><span style=\"font-size: 8pt;\"><strong class=\"ng-star-inserted\"><span class=\"ng-star-inserted\">Fuentes Gubernamentales y Oficiales:<\/span><\/strong><\/span><\/p>\n<ul class=\"ng-star-inserted\">\n<li class=\"ng-star-inserted\">\n<p class=\"ng-star-inserted\"><span class=\"ng-star-inserted\" style=\"font-size: 8pt;\">U.S. Department of Commerce \/ Bureau of Economic Analysis (BEA): Datos sobre comercio y aranceles.<\/span><\/p>\n<\/li>\n<li class=\"ng-star-inserted\">\n<p class=\"ng-star-inserted\"><span class=\"ng-star-inserted\" style=\"font-size: 8pt;\">United States Trade Representative (USTR): Informes sobre Secci\u00f3n 301, negociaciones comerciales.<\/span><\/p>\n<\/li>\n<li class=\"ng-star-inserted\">\n<p class=\"ng-star-inserted\"><span class=\"ng-star-inserted\" style=\"font-size: 8pt;\">Congressional Research Service (CRS): Informes anal\u00edticos sobre pol\u00edtica comercial y relaciones EE.UU.-China.<\/span><\/p>\n<\/li>\n<li class=\"ng-star-inserted\">\n<p class=\"ng-star-inserted\"><span class=\"ng-star-inserted\" style=\"font-size: 8pt;\">Institutos Nacionales de Estad\u00edstica y Bancos Centrales de pa\u00edses latinoamericanos (e.g., INEGI, IBGE): Datos de comercio exterior, producci\u00f3n industrial, inversi\u00f3n.<\/span><\/p>\n<\/li>\n<\/ul>\n<\/li>\n<li class=\"ng-star-inserted\">\n<p class=\"ng-star-inserted\"><span style=\"font-size: 8pt;\"><strong class=\"ng-star-inserted\"><span class=\"ng-star-inserted\">Think Tanks y Centros de Investigaci\u00f3n:<\/span><\/strong><\/span><\/p>\n<ul class=\"ng-star-inserted\">\n<li class=\"ng-star-inserted\">\n<p class=\"ng-star-inserted\"><span class=\"ng-star-inserted\" style=\"font-size: 8pt;\">Peterson Institute for International Economics (PIIE): An\u00e1lisis detallados sobre los efectos econ\u00f3micos de los aranceles.<\/span><\/p>\n<\/li>\n<li class=\"ng-star-inserted\">\n<p class=\"ng-star-inserted\"><span class=\"ng-star-inserted\" style=\"font-size: 8pt;\">Council on Foreign Relations (CFR): An\u00e1lisis sobre geopol\u00edtica, relaciones EE.UU.-China, impacto en Am\u00e9rica Latina.<\/span><\/p>\n<\/li>\n<li class=\"ng-star-inserted\">\n<p class=\"ng-star-inserted\"><span class=\"ng-star-inserted\" style=\"font-size: 8pt;\">Atlantic Council: Estudios sobre competencia tecnol\u00f3gica, 5G, nearshoring.<\/span><\/p>\n<\/li>\n<li class=\"ng-star-inserted\">\n<p class=\"ng-star-inserted\"><span class=\"ng-star-inserted\" style=\"font-size: 8pt;\">Wilson Center (Latin American Program): Investigaciones sobre pol\u00edtica y econom\u00eda latinoamericana.<\/span><\/p>\n<\/li>\n<\/ul>\n<\/li>\n<\/ol>\n<p>Le m\u00e1s sobre Transformaci\u00f3n Digital en<\/p>\n<p><a href=\"https:\/\/itconnect.lat\/portal\/acronimos-0001\/\">Acr\u00f3nimos 2024: aut\u00e9ntico desaf\u00edo comunicacional<\/a><\/p>\n<p><a href=\"https:\/\/itconnect.lat\/portal\/la-revolucion-imparable-del-codigo-001\/\">La Revoluci\u00f3n Imparable del C\u00f3digo: la IA redefine el Desarrollo 2024<\/a><\/p>\n<p><a href=\"https:\/\/itconnect.lat\/portal\/conectividad-0001\/\">Conectividad 2024: la perspectiva es espectacular<\/a><\/p>\n<p><a href=\"https:\/\/itconnect.lat\/portal\/estrategia-multi-nube-001\/\">Estrategia multi nube \u00a1Esencial! para lograr agilidad e innovaci\u00f3n 2024<\/a><\/p>\n<p><a href=\"https:\/\/itconnect.lat\/portal\/guillermo-saravia-fernandez-001\/\">Guillermo Saravia Fern\u00e1ndez: el futuro del campo est\u00e1 en el IoT 2024<\/a><\/p>\n<p>&nbsp;<\/p>\n<p><span style=\"font-size: 8pt; color: #ffffff;\">Aranceles de EE.UU., Aranceles de EE.UU., Aranceles de EE.UU., Aranceles de EE.UU., Aranceles de EE.UU., Aranceles de EE.UU., Aranceles de EE.UU., Aranceles de EE.UU., Aranceles de EE.UU., Aranceles de EE.UU., Aranceles de EE.UU., Aranceles de EE.UU., Aranceles de EE.UU., Aranceles de EE.UU., Aranceles de EE.UU., Aranceles de EE.UU., Aranceles de EE.UU., Aranceles de EE.UU.,\u00a0<\/span><\/p>\n<p>&nbsp;<\/p>\n<p><span style=\"font-size: 8pt; color: #ffffff;\">Aranceles de EE.UU., Aranceles de EE.UU., Aranceles de EE.UU., Aranceles de EE.UU., Aranceles de EE.UU., Aranceles de EE.UU., Aranceles de EE.UU., Aranceles de EE.UU., Aranceles de EE.UU., Aranceles de EE.UU., Aranceles de EE.UU., Aranceles de EE.UU., Aranceles de EE.UU., Aranceles de EE.UU., Aranceles de EE.UU., Aranceles de EE.UU., Aranceles de EE.UU., Aranceles de EE.UU.,\u00a0<\/span><\/p>\n","protected":false},"excerpt":{"rendered":"<p>La Onda Expansiva de aranceles de EE.UU.: Un Freno y Acelerador Inesperado para la Tecnolog\u00eda Latinoamericana La decisi\u00f3n de Estados Unidos, iniciada prominentemente bajo la administraci\u00f3n Trump en 2018, de reconfigurar las reglas del comercio global mediante la imposici\u00f3n de aranceles a una escala no vista en d\u00e9cadas, desat\u00f3 una tormenta econ\u00f3mica cuyas r\u00e9plicas contin\u00faan [&hellip;]<\/p>\n","protected":false},"author":2,"featured_media":6699,"comment_status":"closed","ping_status":"open","sticky":false,"template":"","format":"standard","meta":{"site-sidebar-layout":"default","site-content-layout":"","ast-site-content-layout":"default","site-content-style":"default","site-sidebar-style":"default","ast-global-header-display":"","ast-banner-title-visibility":"","ast-main-header-display":"","ast-hfb-above-header-display":"","ast-hfb-below-header-display":"","ast-hfb-mobile-header-display":"","site-post-title":"","ast-breadcrumbs-content":"","ast-featured-img":"","footer-sml-layout":"","ast-disable-related-posts":"","theme-transparent-header-meta":"default","adv-header-id-meta":"","stick-header-meta":"","header-above-stick-meta":"","header-main-stick-meta":"","header-below-stick-meta":"","astra-migrate-meta-layouts":"set","ast-page-background-enabled":"default","ast-page-background-meta":{"desktop":{"background-color":"var(--ast-global-color-4)","background-image":"","background-repeat":"repeat","background-position":"center center","background-size":"auto","background-attachment":"scroll","background-type":"","background-media":"","overlay-type":"","overlay-color":"","overlay-opacity":"","overlay-gradient":""},"tablet":{"background-color":"","background-image":"","background-repeat":"repeat","background-position":"center center","background-size":"auto","background-attachment":"scroll","background-type":"","background-media":"","overlay-type":"","overlay-color":"","overlay-opacity":"","overlay-gradient":""},"mobile":{"background-color":"","background-image":"","background-repeat":"repeat","background-position":"center center","background-size":"auto","background-attachment":"scroll","background-type":"","background-media":"","overlay-type":"","overlay-color":"","overlay-opacity":"","overlay-gradient":""}},"ast-content-background-meta":{"desktop":{"background-color":"var(--ast-global-color-5)","background-image":"","background-repeat":"repeat","background-position":"center center","background-size":"auto","background-attachment":"scroll","background-type":"","background-media":"","overlay-type":"","overlay-color":"","overlay-opacity":"","overlay-gradient":""},"tablet":{"background-color":"var(--ast-global-color-5)","background-image":"","background-repeat":"repeat","background-position":"center center","background-size":"auto","background-attachment":"scroll","background-type":"","background-media":"","overlay-type":"","overlay-color":"","overlay-opacity":"","overlay-gradient":""},"mobile":{"background-color":"var(--ast-global-color-5)","background-image":"","background-repeat":"repeat","background-position":"center center","background-size":"auto","background-attachment":"scroll","background-type":"","background-media":"","overlay-type":"","overlay-color":"","overlay-opacity":"","overlay-gradient":""}},"footnotes":""},"categories":[53],"tags":[4062],"class_list":["post-6696","post","type-post","status-publish","format-standard","has-post-thumbnail","hentry","category-transformacion-digital","tag-aranceles-de-ee-uu"],"amp_enabled":true,"_links":{"self":[{"href":"https:\/\/itconnect.lat\/portal\/wp-json\/wp\/v2\/posts\/6696","targetHints":{"allow":["GET"]}}],"collection":[{"href":"https:\/\/itconnect.lat\/portal\/wp-json\/wp\/v2\/posts"}],"about":[{"href":"https:\/\/itconnect.lat\/portal\/wp-json\/wp\/v2\/types\/post"}],"author":[{"embeddable":true,"href":"https:\/\/itconnect.lat\/portal\/wp-json\/wp\/v2\/users\/2"}],"replies":[{"embeddable":true,"href":"https:\/\/itconnect.lat\/portal\/wp-json\/wp\/v2\/comments?post=6696"}],"version-history":[{"count":4,"href":"https:\/\/itconnect.lat\/portal\/wp-json\/wp\/v2\/posts\/6696\/revisions"}],"predecessor-version":[{"id":7909,"href":"https:\/\/itconnect.lat\/portal\/wp-json\/wp\/v2\/posts\/6696\/revisions\/7909"}],"wp:featuredmedia":[{"embeddable":true,"href":"https:\/\/itconnect.lat\/portal\/wp-json\/wp\/v2\/media\/6699"}],"wp:attachment":[{"href":"https:\/\/itconnect.lat\/portal\/wp-json\/wp\/v2\/media?parent=6696"}],"wp:term":[{"taxonomy":"category","embeddable":true,"href":"https:\/\/itconnect.lat\/portal\/wp-json\/wp\/v2\/categories?post=6696"},{"taxonomy":"post_tag","embeddable":true,"href":"https:\/\/itconnect.lat\/portal\/wp-json\/wp\/v2\/tags?post=6696"}],"curies":[{"name":"wp","href":"https:\/\/api.w.org\/{rel}","templated":true}]}}