{"id":5144,"date":"2024-04-25T12:47:05","date_gmt":"2024-04-25T15:47:05","guid":{"rendered":"https:\/\/itconnect.lat\/portal\/?p=5144"},"modified":"2024-04-25T12:47:05","modified_gmt":"2024-04-25T15:47:05","slug":"equidad-de-genero-001","status":"publish","type":"post","link":"https:\/\/itconnect.lat\/portal\/equidad-de-genero-001\/","title":{"rendered":"Equidad de G\u00e9nero en el Desarrollo Tecnol\u00f3gico: Perspectiva del siglo 21"},"content":{"rendered":"<h2 style=\"text-align: justify;\">Desde los albores de la humanidad, la evoluci\u00f3n de las civilizaciones ha estado intr\u00ednsecamente ligada al progreso t\u00e9cnico relegando la importancia de la equidad de g\u00e9nero en el desarrollo tecnol\u00f3gico.<\/h2>\n<p style=\"text-align: justify;\">La historia de la humanidad se ha forjado a trav\u00e9s de la innovaci\u00f3n en diversas \u00e1reas, desde la agricultura y la ganader\u00eda hasta el transporte y la guerra.<\/p>\n<figure id=\"attachment_5148\" aria-describedby=\"caption-attachment-5148\" style=\"width: 400px\" class=\"wp-caption alignleft\"><a href=\"https:\/\/itconnect.lat\/portal\/wp-content\/uploads\/2024\/04\/Default_Equidad_de_Gnero_en_el_Desarrollo_Tecnolgico_3.jpg\"><img loading=\"lazy\" decoding=\"async\" class=\"wp-image-5148 size-full\" src=\"https:\/\/itconnect.lat\/portal\/wp-content\/uploads\/2024\/04\/Default_Equidad_de_Gnero_en_el_Desarrollo_Tecnolgico_3-e1714059808834.jpg\" alt=\"Equidad de G\u00e9nero en el Desarrollo Tecnol\u00f3gico\" width=\"400\" height=\"300\" title=\"\"><\/a><figcaption id=\"caption-attachment-5148\" class=\"wp-caption-text\">Equidad de G\u00e9nero en el Desarrollo Tecnol\u00f3gico<\/figcaption><\/figure>\n<p style=\"text-align: justify;\">Sin embargo, uno de los aspectos menos explorados pero igualmente significativos es el papel de la equidad de g\u00e9nero en el desarrollo tecnol\u00f3gico.<\/p>\n<p style=\"text-align: justify;\">Los periodos de la prehistoria se caracterizan por transformaciones t\u00e9cnicas monumentales, muchas de las cuales est\u00e1n estrechamente vinculadas con la fundici\u00f3n y la aleaci\u00f3n de metales.<\/p>\n<p style=\"text-align: justify;\">Estos avances, junto con la evoluci\u00f3n de herramientas, m\u00e1quinas y planes racionales de acci\u00f3n, han sido pilares fundamentales en la construcci\u00f3n de nuestras sociedades.<\/p>\n<p style=\"text-align: justify;\">La capacidad de fabricar y utilizar instrumentos ha sido un criterio distintivo de la especie humana a lo largo de milenios.<\/p>\n<p>Es esencial reconocer que la t\u00e9cnica no es un fen\u00f3meno aislado de la din\u00e1mica social, sino que est\u00e1 intr\u00ednsecamente entrelazada con ella.<\/p>\n<p>Hist\u00f3ricamente, la contribuci\u00f3n de las mujeres al desarrollo t\u00e9cnico ha sido subestimada o ignorada en gran medida.<\/p>\n<p style=\"text-align: justify;\">Las narrativas dominantes han tendido a relegar a las mujeres al \u00e1mbito dom\u00e9stico, pasando por alto su participaci\u00f3n activa en la innovaci\u00f3n y el progreso tecnol\u00f3gico.<\/p>\n<p style=\"text-align: justify;\">Sin embargo, a medida que avanzamos hacia una sociedad m\u00e1s equitativa y consciente, es imperativo reconocer y valorar el papel fundamental de las mujeres en la historia de la tecnolog\u00eda. Desde tiempos inmemoriales, las mujeres han desempe\u00f1ado un papel crucial en la innovaci\u00f3n y la creaci\u00f3n, contribuyendo con sus conocimientos y habilidades en diversos campos t\u00e9cnicos.<\/p>\n<p style=\"text-align: justify;\">En la actualidad, la equidad de g\u00e9nero en el \u00e1mbito tecnol\u00f3gico es m\u00e1s importante que nunca. Las mujeres contin\u00faan enfrentando barreras y desaf\u00edos en su participaci\u00f3n en la ciencia, la tecnolog\u00eda, la ingenier\u00eda y las matem\u00e1ticas (STEM).<\/p>\n<p style=\"text-align: justify;\">La brecha de g\u00e9nero persiste en estas \u00e1reas, lo que limita el potencial innovador y creativo de nuestra sociedad en su conjunto.<\/p>\n<p style=\"text-align: justify;\">Para abordar esta disparidad, es crucial implementar pol\u00edticas y programas que fomenten la participaci\u00f3n equitativa de mujeres y hombres en el desarrollo tecnol\u00f3gico.<\/p>\n<p style=\"text-align: justify;\">Esto no solo promover\u00e1 la diversidad y la inclusi\u00f3n en el sector, sino que tambi\u00e9n enriquecer\u00e1 la calidad y la relevancia de las soluciones tecnol\u00f3gicas que se desarrollan.<\/p>\n<p style=\"text-align: justify;\">La historia de las civilizaciones es, en gran medida, la historia de sus t\u00e9cnicas.<\/p>\n<p style=\"text-align: justify;\">Reconocer y valorar el papel de las mujeres en el desarrollo tecnol\u00f3gico es fundamental para construir un futuro m\u00e1s justo, equitativo y pr\u00f3spero para todos.<\/p>\n<p style=\"text-align: justify;\">En un mundo cada vez m\u00e1s impulsado por la innovaci\u00f3n, la equidad de g\u00e9nero no es solo una cuesti\u00f3n de justicia social, sino tambi\u00e9n un imperativo para el progreso humano.<\/p>\n<h3>La Evoluci\u00f3n de la Filosof\u00eda de la T\u00e9cnica en la Era Moderna: Reflexiones sobre Ciencia, Moral y Tecnolog\u00eda<\/h3>\n<p>La intersecci\u00f3n entre los aspectos de la vida humana y los problemas filos\u00f3ficos ha sido un tema de exploraci\u00f3n constante a lo largo de la historia.<\/p>\n<p>Esta reflexi\u00f3n ha configurado la realidad en la que vivimos, dando forma a nuestras percepciones sobre la ciencia, la moral y, m\u00e1s recientemente, la tecnolog\u00eda.<\/p>\n<figure id=\"attachment_5150\" aria-describedby=\"caption-attachment-5150\" style=\"width: 400px\" class=\"wp-caption alignright\"><a href=\"https:\/\/itconnect.lat\/portal\/wp-content\/uploads\/2024\/04\/Default_Equidad_de_Gnero_en_el_Desarrollo_Tecnolgico_1-e1714059878267.jpg\"><img loading=\"lazy\" decoding=\"async\" class=\"size-full wp-image-5150\" src=\"https:\/\/itconnect.lat\/portal\/wp-content\/uploads\/2024\/04\/Default_Equidad_de_Gnero_en_el_Desarrollo_Tecnolgico_1-e1714059878267.jpg\" alt=\"Equidad de G\u00e9nero en el Desarrollo Tecnol\u00f3gico\" width=\"400\" height=\"300\" title=\"\"><\/a><figcaption id=\"caption-attachment-5150\" class=\"wp-caption-text\">Equidad de G\u00e9nero en el Desarrollo Tecnol\u00f3gico<\/figcaption><\/figure>\n<p>En las \u00faltimas d\u00e9cadas, hemos sido testigos de un creciente inter\u00e9s en la filosof\u00eda de la t\u00e9cnica como una disciplina de importancia cada vez mayor.<\/p>\n<p>Este inter\u00e9s ha sido impulsado en gran medida por el surgimiento de figuras que, detr\u00e1s de un discurso pseudo-mesi\u00e1nico, han intentado tejer puentes entre la ciencia y la tecnolog\u00eda.<\/p>\n<p>Lo que entendemos hoy como tecnolog\u00eda y el papel que la t\u00e9cnica ocupa en nuestras sociedades es radicalmente diferente a lo que se entend\u00eda en \u00e9pocas pasadas.<\/p>\n<p>Anteriormente, la t\u00e9cnica se percib\u00eda principalmente como un conjunto de habilidades pr\u00e1cticas y conocimientos t\u00e9cnicos utilizados para manipular el mundo f\u00edsico.<\/p>\n<p>Sin embargo, en la era moderna, la tecnolog\u00eda ha adquirido una relevancia sin precedentes en todos los aspectos de nuestras vidas.<\/p>\n<p>Desde la comunicaci\u00f3n hasta la medicina, desde el transporte hasta la educaci\u00f3n, la tecnolog\u00eda permea pr\u00e1cticamente todos los aspectos de la sociedad contempor\u00e1nea.<\/p>\n<p>Este cambio de paradigma ha llevado a una reevaluaci\u00f3n profunda de la relaci\u00f3n entre la ciencia, la tecnolog\u00eda y la moral.<\/p>\n<p>En un mundo dominado por la tecnolog\u00eda, surgen preguntas \u00e9ticas y filos\u00f3ficas complejas sobre el uso y el abuso de la tecnolog\u00eda, as\u00ed como sobre su impacto en la humanidad y en el planeta en su conjunto.<\/p>\n<p>La filosof\u00eda de la t\u00e9cnica busca abordar estas cuestiones, explorando el significado y las implicaciones de la tecnolog\u00eda en la sociedad contempor\u00e1nea.<\/p>\n<p>Al hacerlo, se enfrenta a desaf\u00edos y dilemas \u00e9ticos que requieren un enfoque multidisciplinario y reflexivo.<\/p>\n<p>La filosof\u00eda de la t\u00e9cnica emerge como una disciplina crucial en la era moderna, en la que la tecnolog\u00eda desempe\u00f1a un papel central en nuestras vidas.<\/p>\n<p>A medida que nos adentramos en un futuro cada vez m\u00e1s tecnol\u00f3gico, la reflexi\u00f3n filos\u00f3fica sobre la naturaleza y el impacto de la tecnolog\u00eda se vuelve indispensable para forjar un camino hacia un desarrollo humano sostenible y \u00e9tico.<\/p>\n<h3>La Intersecci\u00f3n entre Ciencia y Tecnolog\u00eda: Reflexiones sobre Tecnociencia y Progreso Cient\u00edfico<\/h3>\n<p>La distinci\u00f3n tradicional entre ciencia y tecnolog\u00eda, entendidas como disciplinas independientes, est\u00e1 siendo desafiada en la actualidad mediante un fen\u00f3meno conocido como tecnociencia.<\/p>\n<p>Este t\u00e9rmino busca diluir la separaci\u00f3n entre las ciencias y la tecnolog\u00eda, reconociendo su interdependencia y su capacidad para influirse mutuamente en la generaci\u00f3n de conocimiento y desarrollo tecnol\u00f3gico.<\/p>\n<p>Para comprender la importancia y las implicaciones de la tecnociencia, es fundamental analizar dos conceptos centrales: el progreso cient\u00edfico y la noci\u00f3n de innovaciones tecnol\u00f3gicas.<\/p>\n<p>El progreso cient\u00edfico ha sido durante mucho tiempo el eje central de la filosof\u00eda y la metodolog\u00eda de la ciencia.<\/p>\n<p>Hasta hace algunas d\u00e9cadas, constitu\u00eda un ejemplo central para caracterizar el m\u00e9todo cient\u00edfico, ya que afectaba al n\u00facleo mismo de c\u00f3mo entendemos el proceso de incremento del conocimiento.<\/p>\n<p>Este concepto se relaciona directamente con espacios sem\u00e1nticos, l\u00f3gicos, epistemol\u00f3gicos e hist\u00f3ricos, hasta el punto en que la respuesta que se d\u00e9 a la pregunta sobre el progreso de la ciencia condiciona el resto de la posici\u00f3n filos\u00f3fica de la ciencia.<\/p>\n<p>Su importancia para la metodolog\u00eda de las ciencias es equivalente a la que puede tener la noci\u00f3n de objetividad para la epistemolog\u00eda.<\/p>\n<p>Sin embargo, en la era de la tecnociencia, la noci\u00f3n de progreso cient\u00edfico se ve desafiada por la creciente interacci\u00f3n entre la ciencia y la tecnolog\u00eda.<\/p>\n<p>La generaci\u00f3n de conocimiento cient\u00edfico ya no se limita exclusivamente a la investigaci\u00f3n te\u00f3rica y experimental, sino que tambi\u00e9n se nutre de los avances tecnol\u00f3gicos que facilitan la observaci\u00f3n, la recopilaci\u00f3n y el an\u00e1lisis de datos a una escala sin precedentes.<\/p>\n<p>A su vez, los descubrimientos cient\u00edficos impulsan el desarrollo de nuevas tecnolog\u00edas y aplicaciones pr\u00e1cticas que transforman nuestra vida cotidiana.<\/p>\n<p>Este fen\u00f3meno de convergencia entre ciencia y tecnolog\u00eda plantea desaf\u00edos y oportunidades tanto para la filosof\u00eda de la ciencia como para la sociedad en su conjunto.<\/p>\n<p>La tecnociencia nos obliga a repensar nuestras concepciones tradicionales sobre la naturaleza y el progreso del conocimiento cient\u00edfico, as\u00ed como sobre el papel de la tecnolog\u00eda en la configuraci\u00f3n de nuestro mundo.<\/p>\n<p>La tecnociencia representa una nueva forma de entender la relaci\u00f3n entre ciencia y tecnolog\u00eda, destacando su interdependencia y su capacidad para generar innovaci\u00f3n y progreso en diversas \u00e1reas del conocimiento humano.<\/p>\n<p>Esta intersecci\u00f3n desaf\u00eda nuestras concepciones tradicionales y nos invita a explorar nuevas perspectivas sobre la naturaleza y el futuro de la investigaci\u00f3n cient\u00edfica y el desarrollo tecnol\u00f3gico.<\/p>\n<h3>La Interacci\u00f3n entre Objetividad, Progreso Cient\u00edfico e Innovaci\u00f3n Tecnol\u00f3gica: Una Perspectiva Filos\u00f3fica<\/h3>\n<p style=\"text-align: justify;\">La objetividad, como principio fundamental, contribuye a configurar los componentes b\u00e1sicos del conocimiento cient\u00edfico.<\/p>\n<p style=\"text-align: justify;\">Este concepto establece las bases para la imparcialidad, la fiabilidad y la replicabilidad en la investigaci\u00f3n cient\u00edfica, permitiendo la construcci\u00f3n de un cuerpo de conocimiento s\u00f3lido y confiable.<\/p>\n<p style=\"text-align: justify;\">Por otro lado, el progreso cient\u00edfico desempe\u00f1a un papel central en la articulaci\u00f3n del marco intelectual de la metodolog\u00eda cient\u00edfica. Este concepto implica el avance continuo del conocimiento, la revisi\u00f3n y el perfeccionamiento de teor\u00edas y modelos, as\u00ed como la generaci\u00f3n de nuevas preguntas y \u00e1reas de investigaci\u00f3n.<\/p>\n<p style=\"text-align: justify;\">El progreso cient\u00edfico proporciona una direcci\u00f3n y un prop\u00f3sito a la empresa cient\u00edfica, impulsando la b\u00fasqueda constante de una comprensi\u00f3n m\u00e1s profunda y precisa del mundo que nos rodea.<\/p>\n<p style=\"text-align: justify;\">En cuanto a la innovaci\u00f3n tecnol\u00f3gica, si bien forma parte del conjunto de temas estudiados por la filosof\u00eda y la metodolog\u00eda de la tecnolog\u00eda, a menudo se considera de menor relevancia que el progreso cient\u00edfico.<\/p>\n<p style=\"text-align: justify;\">Esto se debe a que la innovaci\u00f3n tecnol\u00f3gica est\u00e1 englobada en el campo metodol\u00f3gico general de la tecnolog\u00eda, donde otras nociones como la eficacia y la eficiencia tienen un protagonismo mayor.<\/p>\n<p style=\"text-align: justify;\">Sin embargo, la innovaci\u00f3n tecnol\u00f3gica recoge uno de los rasgos b\u00e1sicos de la actividad transformadora que conforma el quehacer tecnol\u00f3gico: la creatividad.<\/p>\n<p style=\"text-align: justify;\">La tecnolog\u00eda, condicionada por la creatividad, busca constantemente nuevos fines y medios para alcanzar los objetivos propuestos, aunque est\u00e9n imbuidos de una clara impronta metodol\u00f3gica.<\/p>\n<p style=\"text-align: justify;\">La creatividad impulsa la exploraci\u00f3n de nuevas ideas, enfoques y soluciones, lo que alimenta el ciclo de innovaci\u00f3n tecnol\u00f3gica y el progreso de la sociedad en su conjunto.<\/p>\n<p style=\"text-align: justify;\">Es importante reconocer que el progreso cient\u00edfico y la innovaci\u00f3n tecnol\u00f3gica no son expresiones situadas al mismo nivel.<\/p>\n<p style=\"text-align: justify;\">Para empezar, &#8220;progreso&#8221; no es un t\u00e9rmino neutral sem\u00e1nticamente, sino que est\u00e1 cargado de un sentido positivo que implica avance, mejora y superaci\u00f3n de las limitaciones previas.<\/p>\n<p style=\"text-align: justify;\">Mientras que el progreso cient\u00edfico se centra en la expansi\u00f3n del conocimiento te\u00f3rico y emp\u00edrico, la innovaci\u00f3n tecnol\u00f3gica se enfoca en la aplicaci\u00f3n pr\u00e1ctica de dicho conocimiento para resolver problemas y mejorar la calidad de vida.<\/p>\n<p style=\"text-align: justify;\">La interacci\u00f3n entre objetividad, progreso cient\u00edfico e innovaci\u00f3n tecnol\u00f3gica constituye un campo f\u00e9rtil para la reflexi\u00f3n filos\u00f3fica y metodol\u00f3gica.<\/p>\n<p style=\"text-align: justify;\">Estos conceptos, aunque diferentes en su enfoque y aplicaci\u00f3n, est\u00e1n intr\u00ednsecamente relacionados en el proceso de b\u00fasqueda del conocimiento y el desarrollo humano.<\/p>\n<h3>Reflexiones sobre la Naturaleza de la Innovaci\u00f3n Tecnol\u00f3gica y el Progreso Cient\u00edfico<\/h3>\n<p style=\"text-align: justify;\">Es cierto que la innovaci\u00f3n no siempre implica un paso positivo, ya que pueden surgir innovaciones contraproducentes que generen resultados no deseados o incluso negativos.<\/p>\n<p style=\"text-align: justify;\">Por lo tanto, no podemos hablar de progreso en la ciencia si introduce algo desfavorable.<\/p>\n<p style=\"text-align: justify;\">En contraste, el desarrollo tecnol\u00f3gico tiende a ser m\u00e1s similar al desarrollo cient\u00edfico, ya que implica cambios en una direcci\u00f3n que inicialmente pueden parecer beneficiosos, pero que tambi\u00e9n pueden llevar consigo riesgos o efectos no deseados.<\/p>\n<p style=\"text-align: justify;\">La innovaci\u00f3n tecnol\u00f3gica, al igual que el desarrollo cient\u00edfico, puede generar cambios que inicialmente parezcan positivos pero que, con el tiempo o bajo ciertas circunstancias, puedan tener consecuencias negativas.<\/p>\n<p style=\"text-align: justify;\">Es por eso que debemos ser conscientes de que tanto la ciencia como la tecnolog\u00eda est\u00e1n sujetas a incertidumbres y riesgos inherentes, y que el progreso en estas \u00e1reas no es lineal ni garantiza resultados siempre favorables.<\/p>\n<p style=\"text-align: justify;\">En cuanto a las diferencias metodol\u00f3gicas entre el progreso cient\u00edfico y la innovaci\u00f3n tecnol\u00f3gica, es importante destacar que corresponden a dos tipos de argumentaci\u00f3n distintos.<\/p>\n<p style=\"text-align: justify;\">La argumentaci\u00f3n cient\u00edfica tiende a seguir un enfoque hipot\u00e9tico-deductivo, donde se plantean hip\u00f3tesis y se deducen conclusiones a partir de ellas.<\/p>\n<p style=\"text-align: justify;\">En cambio, la argumentaci\u00f3n tecnol\u00f3gica es m\u00e1s imperativa e hipot\u00e9tica, ya que se centra en indicar los medios necesarios para alcanzar ciertos fines de acuerdo con los objetivos previamente establecidos.<\/p>\n<p style=\"text-align: justify;\">Desde esta perspectiva, la tecnolog\u00eda proporciona un conjunto de herramientas y m\u00e9todos para lograr ciertos objetivos, lo que implica una planificaci\u00f3n y una toma de decisiones basada en la eficacia y la eficiencia.<\/p>\n<p style=\"text-align: justify;\">Sin embargo, siempre existe la posibilidad de que los resultados tecnol\u00f3gicos no sean completamente predecibles o que puedan surgir consecuencias no previstas, lo que requiere una evaluaci\u00f3n continua y una adaptaci\u00f3n a medida que se desarrolla la tecnolog\u00eda.<\/p>\n<p style=\"text-align: justify;\">Si bien el progreso cient\u00edfico y la innovaci\u00f3n tecnol\u00f3gica tienen similitudes en cuanto a su capacidad para generar cambios y mejoras, tambi\u00e9n presentan diferencias significativas en t\u00e9rminos metodol\u00f3gicos y de argumentaci\u00f3n.<\/p>\n<p style=\"text-align: justify;\">Ambos campos est\u00e1n sujetos a incertidumbres y riesgos, lo que subraya la importancia de abordarlos con un enfoque cr\u00edtico y reflexivo para maximizar sus beneficios y minimizar sus posibles impactos negativos.<\/p>\n<h3>La Distinci\u00f3n entre Efectividad y Costos en la Utilizaci\u00f3n de Medios Propuestos<\/h3>\n<p style=\"text-align: justify;\">La efectividad de los medios propuestos y los costos estimados son consideraciones fundamentales al evaluar la viabilidad y la racionalidad de un curso de acci\u00f3n.<\/p>\n<p style=\"text-align: justify;\">Si los medios propuestos son efectivos y los costos estimados son aceptables, entonces su utilizaci\u00f3n puede considerarse racional.<\/p>\n<p style=\"text-align: justify;\">Sin embargo, si estos criterios no se cumplen, ser\u00eda irracional seguir adelante con ese curso de acci\u00f3n.<\/p>\n<p style=\"text-align: justify;\">Por otro lado, tanto el progreso cient\u00edfico como la innovaci\u00f3n tecnol\u00f3gica presentan diferencias significativas desde una perspectiva epistemol\u00f3gica.<\/p>\n<p style=\"text-align: justify;\">Mientras que el progreso cient\u00edfico se centra principalmente en el incremento del conocimiento, la innovaci\u00f3n tecnol\u00f3gica se basa en aplicar ese conocimiento cient\u00edfico para transformar la realidad existente.<\/p>\n<p>La innovaci\u00f3n tecnol\u00f3gica no solo implica adquirir nueva informaci\u00f3n, sino tambi\u00e9n introducir esa informaci\u00f3n en los sistemas existentes para modificar el estado de las cosas y crear nuevas situaciones que no ser\u00edan posibles de otra manera.<\/p>\n<p>Los valores y objetivos buscados en la innovaci\u00f3n tecnol\u00f3gica pueden variar considerablemente, ya que se orientan hacia la eficacia, la eficiencia y la creaci\u00f3n de valor en el contexto de las necesidades y demandas de la sociedad.<\/p>\n<p>Desde una perspectiva de valores, la tecnolog\u00eda presenta una mayor complejidad que el progreso cient\u00edfico.<\/p>\n<p>Los valores en juego en la innovaci\u00f3n tecnol\u00f3gica abarcan desde la efectividad y la eficiencia hasta consideraciones \u00e9ticas, sociales y ambientales.<\/p>\n<p>Adem\u00e1s, los valores internos de la tecnolog\u00eda, como la estructura bipolar entre ser efectiva o eficiente, agregan una capa adicional de complejidad a la toma de decisiones en el desarrollo y la implementaci\u00f3n de tecnolog\u00edas.<\/p>\n<p style=\"text-align: justify;\">La evaluaci\u00f3n de la efectividad, los costos y los valores desempe\u00f1a un papel crucial tanto en el progreso cient\u00edfico como en la innovaci\u00f3n tecnol\u00f3gica.<\/p>\n<p style=\"text-align: justify;\">Sin embargo, estas actividades difieren en sus objetivos, enfoques metodol\u00f3gicos y consideraciones \u00e9ticas, lo que requiere un an\u00e1lisis cuidadoso y una reflexi\u00f3n cr\u00edtica para garantizar que se maximicen los beneficios y se minimicen los posibles impactos negativos en la sociedad y el medio ambiente.<\/p>\n<h3>La Interacci\u00f3n entre Valores y Limitaciones Externas en Ciencia y Tecnolog\u00eda<\/h3>\n<p style=\"text-align: justify;\">Los valores en la ciencia y la tecnolog\u00eda presentan una complejidad mayor cuando se consideran tanto los fines como los costos aceptables.<\/p>\n<p style=\"text-align: justify;\">Esta complejidad se ampl\u00eda a\u00fan m\u00e1s al considerar los valores externos que influyen en la tecnolog\u00eda, incluyendo aspectos \u00e9ticos, sociales, culturales, econ\u00f3micos, pol\u00edticos y ecol\u00f3gicos, entre otros.<\/p>\n<p style=\"text-align: justify;\">Estos valores externos son especialmente relevantes para determinar qu\u00e9 es deseable o qu\u00e9 se debe evitar en el \u00e1mbito tecnol\u00f3gico, ya que la tecnolog\u00eda tiene un impacto directo en la sociedad y en el entorno.<\/p>\n<p style=\"text-align: justify;\">Desde una perspectiva econ\u00f3mica, la tecnolog\u00eda tiene una incidencia mucho mayor en la vida humana y social que la ciencia, lo que hace que su valoraci\u00f3n en t\u00e9rminos tanto positivos como negativos sea mucho m\u00e1s significativa.<\/p>\n<p style=\"text-align: justify;\">Por lo tanto, los l\u00edmites externos y los valores sociales tienen un peso considerable en la tecnolog\u00eda, lo que puede influir en los objetivos y en la direcci\u00f3n de la innovaci\u00f3n tecnol\u00f3gica.<\/p>\n<p style=\"text-align: justify;\">La innovaci\u00f3n tecnol\u00f3gica se lleva a cabo cuando los objetivos buscados son compatibles con los sistemas de valores asumidos tanto por quienes desarrollan la tecnolog\u00eda como por el entorno social en el que operan.<\/p>\n<p style=\"text-align: justify;\">Esta interacci\u00f3n entre valores internos y externos contribuye a dar forma a la direcci\u00f3n y el alcance de la innovaci\u00f3n tecnol\u00f3gica.<\/p>\n<p style=\"text-align: justify;\">A pesar de las diferencias conceptuales entre <a href=\"https:\/\/es.wikipedia.org\/wiki\/Ciencia\" target=\"_blank\" rel=\"noopener\">ciencia<\/a> y <a href=\"https:\/\/es.wikipedia.org\/wiki\/Tecnolog%C3%ADa\" target=\"_blank\" rel=\"noopener\">tecnolog\u00eda<\/a>, su interdependencia pr\u00e1ctica es innegable.<\/p>\n<p style=\"text-align: justify;\">La innovaci\u00f3n tecnol\u00f3gica puede contribuir al progreso cient\u00edfico, y a su vez, los avances cient\u00edficos pueden influir directamente en la innovaci\u00f3n tecnol\u00f3gica.<\/p>\n<p style=\"text-align: justify;\">Esta interdependencia pr\u00e1ctica no difumina la diferencia conceptual entre ciencia y tecnolog\u00eda, pero s\u00ed sugiere una ruta intermedia hacia una genuina tecno-ciencia, donde ambos campos se complementan y se potencian mutuamente.<\/p>\n<p style=\"text-align: justify;\">La ciencia y la tecnolog\u00eda ofrecen formas distintas de racionalidad, caracterizadas por sus propias limitaciones y potencialidades.<\/p>\n<p style=\"text-align: justify;\">Reconocer esta diferencia conceptual no impide reconocer las interdependencias pr\u00e1cticas entre ambos campos, pero sugiere la importancia de abordarlos de manera integral y complementaria para maximizar su impacto positivo en la sociedad y el medio ambiente.<\/p>\n<p style=\"text-align: justify;\">La actividad cient\u00edfica y el quehacer tecnol\u00f3gico presentan divergencias significativas tanto en t\u00e9rminos internos como externos. Internamente, estas divergencias abarcan aspectos sem\u00e1nticos, l\u00f3gicos, epistemol\u00f3gicos, metodol\u00f3gicos y ontol\u00f3gicos, lo que dificulta su unificaci\u00f3n conceptual bajo el t\u00e9rmino de tecno-ciencia.<\/p>\n<figure id=\"attachment_5149\" aria-describedby=\"caption-attachment-5149\" style=\"width: 400px\" class=\"wp-caption alignleft\"><a href=\"https:\/\/itconnect.lat\/portal\/wp-content\/uploads\/2024\/04\/Default_Equidad_de_Gnero_en_el_Desarrollo_Tecnolgico_0-e1714059932151.jpg\"><img loading=\"lazy\" decoding=\"async\" class=\"size-full wp-image-5149\" src=\"https:\/\/itconnect.lat\/portal\/wp-content\/uploads\/2024\/04\/Default_Equidad_de_Gnero_en_el_Desarrollo_Tecnolgico_0-e1714059932151.jpg\" alt=\"Equidad de G\u00e9nero en el Desarrollo Tecnol\u00f3gico\" width=\"400\" height=\"300\" title=\"\"><\/a><figcaption id=\"caption-attachment-5149\" class=\"wp-caption-text\">Equidad de G\u00e9nero en el Desarrollo Tecnol\u00f3gico<\/figcaption><\/figure>\n<p style=\"text-align: justify;\">Adem\u00e1s, las diferencias externas, especialmente en cuanto a la complejidad y la incidencia de valores \u00e9ticos, sociales, culturales, pol\u00edticos, ecol\u00f3gicos y est\u00e9ticos, a\u00f1aden una capa adicional de complejidad y desaf\u00edo a la unificaci\u00f3n conceptual.<\/p>\n<p style=\"text-align: justify;\">Aunque el progreso cient\u00edfico y la innovaci\u00f3n tecnol\u00f3gica pueden estar casualmente interrelacionados y beneficiarse mutuamente en ciertos casos, es fundamental reconocer y mantener su distinci\u00f3n conceptual.<\/p>\n<p style=\"text-align: justify;\">Ambos campos tienen sus propias caracter\u00edsticas y objetivos, y aunque pueden influirse entre s\u00ed, cada uno sigue su propio camino hacia el avance del conocimiento y la mejora de la sociedad.<\/p>\n<p style=\"text-align: justify;\">Por lo tanto, debemos seguir considerando la actividad cient\u00edfica y el quehacer tecnol\u00f3gico como entidades distintas y complementarias.<\/p>\n<p style=\"text-align: justify;\">Reconocer sus diferencias y su interdependencia nos permite apreciar la diversidad y la riqueza del conocimiento humano y nos impulsa a abordarlos de manera integral y multidisciplinaria para enfrentar los desaf\u00edos y aprovechar las oportunidades que enfrenta nuestra sociedad en constante evoluci\u00f3n.<\/p>\n<p>&nbsp;<\/p>\n<h4><\/h4>\n<div class=\"czzyk XOEbc\" tabindex=\"0\" role=\"button\">\n<div>\n<div class=\"uhHOwf BYbUcd\" data-bla=\"\"><img decoding=\"async\" id=\"dimg_13\" src=\"data:image\/jpeg;base64,\/9j\/4AAQSkZJRgABAQAAAQABAAD\/2wCEAAkGBwgHBgkIBwgKCgkLDRYPDQwMDRsUFRAWIB0iIiAdHx8kKDQsJCYxJx8fLT0tMTU3Ojo6Iys\/RD84QzQ5OjcBCgoKDQwNGg8PGjclHyU3Nzc3Nzc3Nzc3Nzc3Nzc3Nzc3Nzc3Nzc3Nzc3Nzc3Nzc3Nzc3Nzc3Nzc3Nzc3Nzc3N\/\/AABEIAJQBDAMBEQACEQEDEQH\/xAAbAAEAAQUBAAAAAAAAAAAAAAAAAQIEBQYHA\/\/EAD8QAAIBAwIEAQkFBwEJAAAAAAABAgMEEQUhBhIxQVEHEyIyYXGBkbEUQqHB0SMzUmJy4fBjFRYlNUOSorLx\/8QAGwEBAAMBAQEBAAAAAAAAAAAAAAEDBAIGBQf\/xAAxEQEAAgIABQIEBAUFAAAAAAAAAQIDEQQFEiExQVETIjJhBjRxsRSBocHRIyRCUpH\/2gAMAwEAAhEDEQA\/AOwHTkAAAAAAAAASuqA9F0AkCRIECQMfrOq0tNteeSc6kv3cF97+xDqsbaJqnFmrU4KcLqjTqzf7Oko5XxJdRHc0DjTVJVGr6VOulJxkun\/wFoiHQ7G9o3tvGrRzhbST6xfgyNuZXJKAAQJA86\/REwPElAAAAAAAAAAAAAAAAAAAAACV1ArQFQABkA3hZeyz18CBy\/i3Xncaora3Xnbio8U49oRXd+z6lVrNOPF1JtNHVWCq3M3Ul2XZHHXLTGKkejzdl\/sy4Tq81SznLElLd0\/bF+HsFck77oyYYmu4bZpE\/sVaLi8p4Un\/ABJ9GWb7sWm05T3XR9CxwICQCAor9EB4koAAAAAAAAAAAAAAAAAAAAAF1A9EwJAAAMdxDfR07Rrm4m8Yg0vHL2ObOqRuzjOkV8RuNUvJR56tRrmm+WMY9lkptDdTs23RtatLiXmUt08Jpppsrt2W1naOINUsKEfs1dtTnnDbwkREbTM6XHDl87vR6b5uapR\/ZuSecrrFlm+zLeupb1pVf7RY0553WxdSdwzXjUrw6ciYEgUV+iA8SUAAAAAAAAAAAAAAAAAAAAAAFaZJsyAyAyQNS8pEZT0anBLMZ1MP5PBXkXYfLUdCo0o2cKFzTi8vLTWU+hTby3ViJhlJ21vSuaMLeFOFRyy9kh5d9Mwu6llbXFZqrSpyqZ+9FNsjejpljrHzenatXs6EYxpOmpcqWEuv6HPUryU7N04Sq81jUjnOJ\/kX4vDFm+pnclqkAqQSordEEPEkAAAAAAAAAAAAAAAAAAAAAAGSUJyDacg2jINtd4y5KltRoy3zzTx7kUZZ1powernukynSuK9tOq29qlLLy1Brovc1+Jxkjs14Z9GXlOTulGVJVKK3VTm7\/Arr4aPLIRdWcopwjGlHdVFJ5fwwc2TGoY14nq9aefVgoyfwf6iqrNPs23g+rH7LVx3ln4GnH4YM0d2zItUqghKCVFZ7IIeRIAAAAAAAAAAAAAAAAAAAAAMkQHKUEgDpjPQDTeKLhV7xqDyqcHFYM1\/ms14q9NWofYKi1mx85CUZwo1Jtrsm1hfgLTqF2OO+2ao1XayaqQzTfVoq7NMGoarUp0ZSo0ktts9Dme4xts5UrKVapmVSo858WzusKLyzmjXdW0r2saE45ccSjLpL2ewsjsz2rEt4tLqNVcjThLsp9f7lsSzzGl2jpykCir0A8yQAAAAAAAAAAAAAAAAAAAABD6EkqMkuRzUYuTeEurIlMNcueMbWFWVK2t61ZxeHPl9HJTObT6lOV3mvVaYh4T4gvLlctKOHLpCEN38exx8S0uLcJWneXroulq4uXUupqUoLm5M9fb7F\/nYspTflnyX6Y7I1uzhHVPOQSz5pJJFOaJi2mjh53RZuhGScuXoUyvhhtVgqrVGO1Jb1JezwJrWS1tQuPMKjps6tWOHPEKUXHOZPp8DRWNR3ZZmZliNTuJ0ZKdBtcqWHnGxMw5r5VUOIdV5Mq4nUcPWhJ\/QrmZjw+rw2LBk+TJXU+7YeHOMridzSo3slUt5vlUmsSi\/f3JrkmPJxvKa0xzfHPh0HJoefUz6AeZIAAAAAAAAAAAAAAAAAAAAAh9CSXinnOSXDEcU3UrXQL+vTqKnOnRapyf8AE+hxfw3cvx\/E4mlZjttyalcytMVIpxr145a\/hXbPzMe3tPhV4i2rR2hfW3FGpW1vOjSjbxxCWZuGZPwfzYjJNfDPm5Rw97RbutuG+ItQ0TXKmp1Zu7VxHkuKc5bzXbD7YIpktW20cTynHmx9Fe3tp06w1WjxLpU7mna1KClJxg6kk2mn7Oxsi1ctXmM\/C34LN0WtuYY++rws6Lpz9dbYXVsyzTXldFonvCytdOq1o0q9eT3m58vbCXf44+RZWrPe+50tL6coy5ZTlJt7JvPL\/m49V0U3Vh9T\/aWlRLtzJfI7U07XhaWtWNJUJT9SssN+HZFUx3fbwYurDOvNXvRcbS6UmlKVvJS3XVLfOPkcer6cR8fF29e385di0yv9ptITUHCMkpRT6qLSa+pqr4eJzU6Mk1n0XM+h2qUAAAAAAAAAAAAAAAAAAAAAAQ+hJK3T+pLj1al5SbiNPR7e2k1i4uI839Md3+PKVZZ1D7nIsfVmtf2if6uYVZ81bzr2cnkyer2FadFYeiW0vbH9BMd1tvR4\/dXsGnPo6n5PIZ4ag\/8AVn\/7M3Ya\/I8bz62uMn9IZbUNLp39zbufouL3fiu6+ROSm3yseXpiYV36hRtpNRSSTxgWrqrmszN3OpV5XF1Uae3Ntv1MseX2dRTD1Le9rwp066T5uTdvxl2X+e073plwY7XvDHvlqUaNBtpRpKafu6lUy9FwdJiZ\/XuuZ18yo18Zbh6S7PbDOZbsGPprNY93XuGf+UWuHzfsIrPjjKNVIeJ4+NcRePuyk+h2xqAAAAAAAAAAAAAAAAAAAAAAIl0ZJK1TwdOIlz7yq71tMlzb8tVY\/wC0ozPT\/h2flyR94aFPKSfbKMnq9Pb6XtnCJWT4UJbNfElX6Oq+Tb0uGYr\/AFp\/U3YfoeM\/EP5vt7Q2nzf7VPwz+RbMPhxLG6vFytarWyhSlL442ItrUrcMTN4j3cqncRpUeZS5pSez7JmDenp\/4TJktFJ8RCyvG1SjGL2m+b4e0TZp4DhO9sloU1aidVPtyY2+Jxt9XFh6Zn9XqqznQp02lmOdyYX0x9Npn3dc4FrTr8N29SdTnlvFejjCT6GrH4eG5zSteMtFY0z8uh0+WpAAAAAAAAAAAAAAAAAAAAAAh9GSSs\/0JVuc+VGblqFhDtGi383\/AGKMvl6z8P1\/0bz92l1E3TeDNL0cxuqpSTJhO+xjf3hLqnkrlGfD9SCfpU7mSfxSf5mvDPyvG\/iGkxxNZ94blThlNl23wYhh+LqkLThjUaixGXmXGL\/mlsvxZxafllv5ZT4nG46\/f9u7i7ScFFrZLbHYxP0XojZJc3f5iTpjxEPCLlOVVxhOShJczjFtRz0z4HETtV8SOqY9XrF985xu0juFu+3d2Xgfbhu2W2zl095px\/S8Fzn85ZnX0LHy0EAAAAAAAAAAAAAAAAAAAAACJeqySVl0+hLhzTymy\/41bx8KC+rM+Xy9dyD8vP6\/4amllP3Gez0URuHmpYSIiXHh6KSymTtY3zyU3yp3V\/ZSfrxjXhHxxs\/rE0YLd9POfiLDumPL7dv8OmRfo7dzRLycQ0vypXsaWiUbRP0q9dNr+WO\/1wVZraq9B+HcPVxVr\/8AWP3cw5l4mSJe0UtuTUKS5qkniEV1bG99lWXLXHSbWZ+\/t6Oi8PxsqsXUrXCy3jCcs5bfsXY7mIiNPP8ACTfiOJ+J6QwUMYWF\/ciHo47ux8DQdPhu35nlycm\/macfh4LnFotxlphnn0O3y0AAAAAAAAAAAAAAAAAAAAAARL1WSSsiXDmPlMWNet23hSt1hPvuzPl8vXchmP4aY+7W6dtc1P3drcT\/AKaUn+RTNZfe+Pip5tH\/ALDy\/wBn39S4nSp2dbK39OLgse94K+mzLfjMNZn5oXENG1aXTT6z+Mf1I6bIjmPDx\/yZTQbLXdK1e1vVp1bkpyamlKO8GsSXXwO8cWraJZuM4vhs+C2Kbfv\/AIb9c8b6dZKVKoq0qsHhxUfzNk5avhYOTcRmiLxrUtE4u1r\/AHgvKVWPPTpUocsYPffuzPk+d6TlvATwdJjcTMsF5pd5NlfTEPp9Mz5VR\/ZyUqeYyXSSe6J8E46zHeEynKUuacnKT7yeWRMymlK0jUQQ5nNcu8s7EwmZiIdw4fo\/Z9Fs6fTFNP57\/ma6RqH5zx1+viLz92QOmQAAAAAAAAAAAAAAAAAAAAAAiXqv3EkrJP6EuWvcQ05K\/o1VGjnzfLzz6pZz+hRl87buFvPTNYWVOu5ffi0\/vR6Mq2u1tPNl4zlDaNQyFrhx3wET9ntUnGEMxafxImUxEuecTxS1FzX31v8AAbeo5NbeGa+0sNk4mX2QbFOSAyDbJaBZz1HUqNtS9acsZ8Pb8DukbZOOz1w4LXl2+MVCMYRWIxSSXgjZD85mZmZmfVUEAAAAAAAAAAAAAAAAAAAAAAES9V+4klZLp8CXDBcX2kaunK4+y\/afs2ajprfKSz079irJHZr4Pvkiu\/LUNJ1qtqCr3NelStbOkvRk3nm8TLv3fY4jhoxWilZ3ZNxxVYU8\/Z6VSpLOFlcqz8SJtrwtxcqzZJ+bswV1xLq1dyVOtC3jn\/pwTa+Lz9Dj4ky+lTlOCvnu8qPEWs04PNzGr4KpTX5YJi8+pblmGfpiXlcarVv+V3UIRqQzlx2TJ6twu4Hh\/wCGtf2nSmnGpVx5ulUmn3jFtDy324jHXzaHvGxvHurSs1\/QwrnjMEebw8qlvcU4uVWhVhFd3BpEOq8Riv4ttTbUZ3NWFOik5TkorL2+Z1Ebl1e8VrNp8Q65wlwxS0K356rjVvai9OoukfYjVTHFXh+Zcytxd9R2rDZUWPlwkAAAAAAAAAAAAAAAAAAAAAABEvVZMErREuEh1HliNS4f0i6ta0bu0i4Yc9pyik\/ZhortSNNfD8Vmx5ImsuIzqSU3y4cU9seHYxTqHuIvk13RGu85dPbxRzuFlctt+Hqq8G\/S2+A3DuMkesKouDiydRLqtq6ZWw127sqKt7elR5Y9JSy\/oc9Ux2hhzctpnyTkmVVfiDVa6a8+qa8KcFv8xN7Oqcq4aveY2sa1SvcPnuKtScmk\/TlkRttx4MdIjprELnS2o3lJ9MST295ZCc8bxzDu+U22umTc\/MtJQEsCAAAAAAAAAAAAAAAAAAAAAAIfRkwT4Wq\/I6cQqIS1vyg6hKw4bqxp\/vLqSoRfgmm3+EWV5J1D6vJ8MZeKibeK93HpRWduhinT2ff1VRWxzMO6wqUY90RpbpVToc8pSUdo+t7M7foIor+WLxE+qtLleA0RGkzWz7E6SrU4yUV0kks\/LBO48K8XavS9aT5ZxkuzO\/R3MbjTtXD939u0e1rd+RRfvWxrpO6vzjjsPweJvVkkdMiWBAAAAAAAAAAAAAAAAAAAAAAES6MmCVquh0rSQ6an5S7J3PDyuVUcXaVFPlSzzZaj+GSrLG4fY5Jl6OJ6NfVGv7uVKOPH3mR7GI90ohZCtEO2d0Cwd1oeu18fu6UOR98xfO\/oi\/HXdbPl8VxHw+JwR72n+sa\/uxFSO+3VFMw+zKI4frdSIFXLFk9Icsl028DqOxr2dd4Dlnh6lFvLjOSZpxfS8FzuuuLmftDY0Wvkwl9CBAAAAAAAAAAAAAAAAAAAAAAES9V+4mBaLp8DpUqRDtgePHjhS99qiv8AyRXk8Ppco\/OV\/n+zjy6IxvdRCUcu0nUIl0PgejB8I3cmt6tSan7Ulg2Yo+V5XnOS0cZSI9NNEgs04P8AlRltD2cqZLcrcnYmSFUexMOnVfJ3JvQmn2qP6GrF4l4Xn8f7mP0bUi18SEvoBBAAAAAAAAAAAH\/\/2Q==\" alt=\"Dra. Liliana Molina Soljan: especialista en inteligencia ...\" data-csiid=\"9\" data-atf=\"1\" title=\"\"><\/div>\n<\/div>\n<div><\/div>\n<\/div>\n<div class=\"juwGPd OCzgxd\">\n<div class=\"JMWMJ\">\n<h5 class=\"toI8Rb OSrXXb usbThf\"><span style=\"font-size: 18pt;\">Por Dra. Liliana Molina Soljan <span style=\"font-weight: bold;\">&#8211; Especialista en Derecho Digital y Analista de Tecnolog\u00eda<\/span><\/span><\/h5>\n<\/div>\n<\/div>\n<p style=\"text-align: center;\">NO TE PIERDAS EL \u00daLTIMO IT CONNECT SECURE STREAM<\/p>\n<div class=\"ast-oembed-container \" style=\"height: 100%;\"><iframe loading=\"lazy\" title=\"ISRAEL vs IRAN cuando la tecnolog\u00eda es la diferencia\" width=\"500\" height=\"281\" src=\"https:\/\/www.youtube.com\/embed\/tp6nmABrZTo?feature=oembed\" frameborder=\"0\" allow=\"accelerometer; autoplay; clipboard-write; encrypted-media; gyroscope; picture-in-picture; web-share\" referrerpolicy=\"strict-origin-when-cross-origin\" allowfullscreen><\/iframe><\/div>\n<p>Lea m\u00e1s sobre Diversidad e Inclusi\u00f3n en;<\/p>\n<p><a href=\"https:\/\/itconnect.lat\/portal\/sociedad-conectada-001\/\">Sociedad Conectada: el gran desaf\u00edo del siglo 21<\/a><\/p>\n<p><a href=\"https:\/\/itconnect.lat\/portal\/guerra-cognitiva-001\/\">Guerra Cognitiva: Narrativas y Desinformaci\u00f3n en el siglo 21<\/a><\/p>\n<p><a href=\"https:\/\/itconnect.lat\/portal\/equidad-de-genero-0021\/\">Equidad de g\u00e9nero en log\u00edstica: Chile hacia el siglo 21<\/a><\/p>\n<p><a href=\"https:\/\/itconnect.lat\/portal\/ciberseguridad-2024-001\/\">Ciberseguridad 2024: Un campo con futuro femenino<\/a><\/p>\n<p><a href=\"https:\/\/itconnect.lat\/portal\/uruguay-001\/\">Uruguay 2024 \u00bfQu\u00e9 beneficios fiscales existen para los argentinos?\u00a0<\/a><\/p>\n<p><span style=\"color: #ffffff;\"><span style=\"font-size: 8pt;\">Equidad de G\u00e9nero,\u00a0<\/span><span style=\"font-size: 8pt;\">Equidad de G\u00e9nero,\u00a0<\/span><span style=\"font-size: 8pt;\">Equidad de G\u00e9nero,\u00a0<\/span><span style=\"font-size: 8pt;\">Equidad de G\u00e9nero,\u00a0<\/span><span style=\"font-size: 8pt;\">Equidad de G\u00e9nero,\u00a0<\/span><span style=\"font-size: 8pt;\">Equidad de G\u00e9nero,\u00a0<\/span><span style=\"font-size: 8pt;\">Equidad de G\u00e9nero,\u00a0<\/span><span style=\"font-size: 8pt;\">Equidad de G\u00e9nero,\u00a0<\/span><span style=\"font-size: 8pt;\">Equidad de G\u00e9nero,\u00a0<\/span><span style=\"font-size: 8pt;\">Equidad de G\u00e9nero,\u00a0<\/span><span style=\"font-size: 8pt;\">Equidad de G\u00e9nero,\u00a0<\/span><span style=\"font-size: 8pt;\">Equidad de G\u00e9nero,\u00a0<\/span><span style=\"font-size: 8pt;\">Equidad de G\u00e9nero,\u00a0<\/span><span style=\"font-size: 8pt;\">Equidad de G\u00e9nero,\u00a0<\/span><span style=\"font-size: 8pt;\">Equidad de G\u00e9nero,\u00a0<\/span><span style=\"font-size: 8pt;\">Equidad de G\u00e9nero,\u00a0<\/span><span style=\"font-size: 8pt;\">Equidad de G\u00e9nero,\u00a0<\/span><span style=\"font-size: 8pt;\">Equidad de G\u00e9nero,\u00a0<\/span><span style=\"font-size: 8pt;\">Equidad de G\u00e9nero,\u00a0<\/span><span style=\"font-size: 8pt;\">Equidad de G\u00e9nero,\u00a0<\/span><span style=\"font-size: 8pt;\">Equidad de G\u00e9nero,\u00a0<\/span><span style=\"font-size: 8pt;\">Equidad de G\u00e9nero,\u00a0<\/span><span style=\"font-size: 8pt;\">Equidad de G\u00e9nero,\u00a0<\/span><span style=\"font-size: 8pt;\">Equidad de G\u00e9nero,\u00a0<\/span><span style=\"font-size: 8pt;\">Equidad de G\u00e9nero,\u00a0<\/span><span style=\"font-size: 8pt;\">Equidad de G\u00e9nero,\u00a0<\/span><span style=\"font-size: 8pt;\">Equidad de G\u00e9nero,\u00a0<\/span><span style=\"font-size: 8pt;\">Equidad de G\u00e9nero,\u00a0<\/span><\/span><\/p>\n","protected":false},"excerpt":{"rendered":"<p>Desde los albores de la humanidad, la evoluci\u00f3n de las civilizaciones ha estado intr\u00ednsecamente ligada al progreso t\u00e9cnico relegando la importancia de la equidad de g\u00e9nero en el desarrollo tecnol\u00f3gico. La historia de la humanidad se ha forjado a trav\u00e9s de la innovaci\u00f3n en diversas \u00e1reas, desde la agricultura y la ganader\u00eda hasta el transporte [&hellip;]<\/p>\n","protected":false},"author":2,"featured_media":5147,"comment_status":"closed","ping_status":"open","sticky":false,"template":"","format":"standard","meta":{"site-sidebar-layout":"default","site-content-layout":"","ast-site-content-layout":"default","site-content-style":"default","site-sidebar-style":"default","ast-global-header-display":"","ast-banner-title-visibility":"","ast-main-header-display":"","ast-hfb-above-header-display":"","ast-hfb-below-header-display":"","ast-hfb-mobile-header-display":"","site-post-title":"","ast-breadcrumbs-content":"","ast-featured-img":"","footer-sml-layout":"","ast-disable-related-posts":"","theme-transparent-header-meta":"default","adv-header-id-meta":"","stick-header-meta":"","header-above-stick-meta":"","header-main-stick-meta":"","header-below-stick-meta":"","astra-migrate-meta-layouts":"set","ast-page-background-enabled":"default","ast-page-background-meta":{"desktop":{"background-color":"var(--ast-global-color-4)","background-image":"","background-repeat":"repeat","background-position":"center center","background-size":"auto","background-attachment":"scroll","background-type":"","background-media":"","overlay-type":"","overlay-color":"","overlay-opacity":"","overlay-gradient":""},"tablet":{"background-color":"","background-image":"","background-repeat":"repeat","background-position":"center center","background-size":"auto","background-attachment":"scroll","background-type":"","background-media":"","overlay-type":"","overlay-color":"","overlay-opacity":"","overlay-gradient":""},"mobile":{"background-color":"","background-image":"","background-repeat":"repeat","background-position":"center center","background-size":"auto","background-attachment":"scroll","background-type":"","background-media":"","overlay-type":"","overlay-color":"","overlay-opacity":"","overlay-gradient":""}},"ast-content-background-meta":{"desktop":{"background-color":"var(--ast-global-color-5)","background-image":"","background-repeat":"repeat","background-position":"center center","background-size":"auto","background-attachment":"scroll","background-type":"","background-media":"","overlay-type":"","overlay-color":"","overlay-opacity":"","overlay-gradient":""},"tablet":{"background-color":"var(--ast-global-color-5)","background-image":"","background-repeat":"repeat","background-position":"center center","background-size":"auto","background-attachment":"scroll","background-type":"","background-media":"","overlay-type":"","overlay-color":"","overlay-opacity":"","overlay-gradient":""},"mobile":{"background-color":"var(--ast-global-color-5)","background-image":"","background-repeat":"repeat","background-position":"center center","background-size":"auto","background-attachment":"scroll","background-type":"","background-media":"","overlay-type":"","overlay-color":"","overlay-opacity":"","overlay-gradient":""}},"footnotes":""},"categories":[57],"tags":[3818,3817],"class_list":["post-5144","post","type-post","status-publish","format-standard","has-post-thumbnail","hentry","category-diversidad-e-inclusion","tag-equidad-de-genero","tag-la-dra-liliana-molina-soljan"],"amp_enabled":true,"_links":{"self":[{"href":"https:\/\/itconnect.lat\/portal\/wp-json\/wp\/v2\/posts\/5144","targetHints":{"allow":["GET"]}}],"collection":[{"href":"https:\/\/itconnect.lat\/portal\/wp-json\/wp\/v2\/posts"}],"about":[{"href":"https:\/\/itconnect.lat\/portal\/wp-json\/wp\/v2\/types\/post"}],"author":[{"embeddable":true,"href":"https:\/\/itconnect.lat\/portal\/wp-json\/wp\/v2\/users\/2"}],"replies":[{"embeddable":true,"href":"https:\/\/itconnect.lat\/portal\/wp-json\/wp\/v2\/comments?post=5144"}],"version-history":[{"count":3,"href":"https:\/\/itconnect.lat\/portal\/wp-json\/wp\/v2\/posts\/5144\/revisions"}],"predecessor-version":[{"id":5151,"href":"https:\/\/itconnect.lat\/portal\/wp-json\/wp\/v2\/posts\/5144\/revisions\/5151"}],"wp:featuredmedia":[{"embeddable":true,"href":"https:\/\/itconnect.lat\/portal\/wp-json\/wp\/v2\/media\/5147"}],"wp:attachment":[{"href":"https:\/\/itconnect.lat\/portal\/wp-json\/wp\/v2\/media?parent=5144"}],"wp:term":[{"taxonomy":"category","embeddable":true,"href":"https:\/\/itconnect.lat\/portal\/wp-json\/wp\/v2\/categories?post=5144"},{"taxonomy":"post_tag","embeddable":true,"href":"https:\/\/itconnect.lat\/portal\/wp-json\/wp\/v2\/tags?post=5144"}],"curies":[{"name":"wp","href":"https:\/\/api.w.org\/{rel}","templated":true}]}}