{"id":190,"date":"2022-10-14T12:25:56","date_gmt":"2022-10-14T15:25:56","guid":{"rendered":"https:\/\/itconnect.lat\/portal\/?p=190"},"modified":"2022-10-14T12:25:56","modified_gmt":"2022-10-14T15:25:56","slug":"trabajo-0000000000000000002022","status":"publish","type":"post","link":"https:\/\/itconnect.lat\/portal\/trabajo-0000000000000000002022\/","title":{"rendered":"Trabajo 2022: \u00bfCu\u00e1ntas horas al mes regalas a tu empresa?"},"content":{"rendered":"<h2><span style=\"font-size: inherit;\">Conservar el trabajo, tener un ascenso o ser reconocido, son algunas de las cosas que un trabajador considera importante lograr en su empresa.<\/span><\/h2>\n<p><span style=\"font-size: inherit;\"> Y por esta raz\u00f3n, que muchas veces las jornadas de trabajo se hacen m\u00e1s extensas, que lo que correponde.<\/span><\/p>\n<p><span style=\"font-size: inherit;\">Ya que esto se ve\u00a0 como una manera de poder demostrar el compromiso que se tiene, pero que lamentablemente, no es remunerado como \u201choras extras\u201d, terminando por trabajar de cierta manera, \u201cgratis\u201d.<\/span><\/p>\n<table style=\"border-collapse: collapse; width: 100%;\">\n<tbody>\n<tr>\n<td style=\"width: 50%; text-align: center;\"><a href=\"https:\/\/itconnect.lat\/portal\/wp-content\/uploads\/2022\/10\/IT-CONNECT-LATAM192.png\"><img loading=\"lazy\" decoding=\"async\" class=\"alignnone size-full wp-image-18\" src=\"https:\/\/itconnect.lat\/portal\/wp-content\/uploads\/2022\/10\/IT-CONNECT-LATAM192.png\" alt=\"\" width=\"192\" height=\"192\" title=\"\" srcset=\"https:\/\/itconnect.lat\/portal\/wp-content\/uploads\/2022\/10\/IT-CONNECT-LATAM192.png 192w, https:\/\/itconnect.lat\/portal\/wp-content\/uploads\/2022\/10\/IT-CONNECT-LATAM192-150x150.png 150w\" sizes=\"auto, (max-width: 192px) 100vw, 192px\" \/><\/a><\/td>\n<td style=\"width: 50%; text-align: center;\"><strong>Informaci\u00f3n de valor para ejecutivos que toman decisiones de negocios<\/strong><\/td>\n<\/tr>\n<\/tbody>\n<\/table>\n<p dir=\"ltr\" style=\"text-align: justify;\">Seg\u00fan se ha descubierto en el informe <strong>People at Work 2022<\/strong>: A Global Workforce View del ADP Research Institute, a modo general, en Argentina existe un porcentaje no menor del 41% que considera que trabaja entre 6 a 10 horas gratis a la semana.<\/p>\n<p dir=\"ltr\" style=\"text-align: justify;\">Una cifra no menor que si se suma por el total de un mes, da un resultado de entre <strong>24 a 40 horas extras de trabajo que no son remuneradas<\/strong>.<\/p>\n<p dir=\"ltr\">Mientras que, en Chile y Argentina, un 41% y 34% respectivamente, trabajan de manera adicional las horas gratis mencionadas anteriormente.<\/p>\n<p>&nbsp;<\/p>\n<figure style=\"width: 399px\" class=\"wp-caption aligncenter\"><img loading=\"lazy\" decoding=\"async\" class=\"CToWUd a6T\" tabindex=\"0\" src=\"https:\/\/lh6.googleusercontent.com\/r_1YqnTttkUenVQQf6m-MnZ1lAO4ngP11emL2gXnkzV7ko_PvMix0PD7cYV7_b5q5E64w_y_of6YoOCRnyUOhLfydnnstAHwpabEKJR5muySSFuq8zWwS8KqSLP3Ax0BCvv1PxyW8agKKL8f1r1b6j_PmUIraVDM-uqZGrIBm_o07AG5tx42vGaUN_QcvhRfdvvWQA\" alt=\"Trabajo gratuito sin paga\" width=\"399\" height=\"233\" data-bit=\"iit\" title=\"\"><figcaption class=\"wp-caption-text\">Trabajo gratuito sin paga<\/figcaption><\/figure>\n<p dir=\"ltr\">\n<h3 dir=\"ltr\">Quienes trabajan m\u00e1s en Argentina<\/h3>\n<p dir=\"ltr\" style=\"text-align: justify;\">El estudio revel\u00f3 lo que muchos hacen en sus lugares de trabajo, pero que no se atreven a manifestar y que pasa a ser como parte de las pol\u00edticas internas, \u201ctrabajar horas extras sin gozar de un beneficio econ\u00f3mico\u201d, puesto que se ve como un compromiso por parte del colaborador para con la empresa.<\/p>\n<p dir=\"ltr\" style=\"text-align: justify;\">Sin embargo, si nos vamos al detalle, podemos ver que los porcentajes no son menores y son similares entre mujeres (42%) y hombres (40%).<\/p>\n<p dir=\"ltr\" style=\"text-align: justify;\">As\u00ed tambi\u00e9n, existe un 25% de personas, en general, que comentan que no realizan horas extras, un 18% que afirma trabajar alrededor de 5 horas m\u00e1s y un 9% que reconoce estar trabajando entre 11 a 15 horas adicionales a la semana.<\/p>\n<p dir=\"ltr\" style=\"text-align: justify;\">En relaci\u00f3n con las edades en donde se refleja un trabajo adicional mayoritario, se puede observar en un 44% que aquellos que tienen entre 25 y 34 a\u00f1os trabajan entre 6 y 10 horas diarias, seguido por un 39% por quienes tiene entre 45 y 54, y un 39,4% por quienes oscilan entre los 35 y 44 a\u00f1os.<\/p>\n<h3 dir=\"ltr\">C\u00f3mo y d\u00f3nde se trabaja m\u00e1s<\/h3>\n<p dir=\"ltr\" style=\"text-align: justify;\">Tras los resultados revelados en el People at Work 2022, podemos analizar tambi\u00e9n, que existen ciertas \u00e1reas u oficios en donde se concentra la mayor cantidad de trabajo extra no remunerado que se desglosa principalmente en tres \u00e1reas: transporte, servicios profesionales e IT\/Telecomunicaciones.<\/p>\n<p dir=\"ltr\" style=\"text-align: justify;\">Sobre transportes, podemos ver que un 50% de los argentinos afirma que trabaja entre unas 6 y 10 horas extras a la semana y un 17% entre 11 a 15 horas gratis a la semana.<\/p>\n<p dir=\"ltr\" style=\"text-align: justify;\">En relaci\u00f3n con el \u00e1rea de servicios profesionales, los datos demuestran una din\u00e1mica del 45% y 9%, mientras que IT\/telecomunicaciones refleja un 42% y 12% de trabajo gratis a la semana.<\/p>\n<p dir=\"ltr\" style=\"text-align: justify;\">De igual manera, y debido a que tras la pandemia muchas empresas aumentaron el Home Office, y que la tendencia de mayor trabajo no remunerada semanal es de\u00a0 6 y 10 horas semanales.<\/p>\n<p dir=\"ltr\" style=\"text-align: justify;\">Es que podemos conocer que esta din\u00e1mica se concentra en un 43% en quienes trabajan desde la casa, mientras que quienes lo hacen de manera presencial alcanzan un 31%.<\/p>\n<h4 dir=\"ltr\">Acerca de la investigaci\u00f3n<\/h4>\n<p dir=\"ltr\" style=\"text-align: justify;\"><a href=\"https:\/\/www.adpri.org\/assets\/people-at-work-2022-a-global-workforce-view\/\" target=\"_blank\" rel=\"noopener\" data-saferedirecturl=\"https:\/\/www.google.com\/url?q=https:\/\/www.adpri.org\/assets\/people-at-work-2022-a-global-workforce-view\/&amp;source=gmail&amp;ust=1665844410189000&amp;usg=AOvVaw3scSZif_SQ2MFTXRtaQzFX\">People at Work 2022: A Global Workforce View<\/a> explora las actitudes de los empleados hacia el mundo laboral actual y lo que esperan y desean del lugar de trabajo del futuro.<\/p>\n<p dir=\"ltr\" style=\"text-align: justify;\">El ADP Research Institute\u00ae encuest\u00f3 a 32.924 trabajadores en 17 pa\u00edses de todo el mundo entre el 1 de noviembre y el 24 de noviembre de 2021. Entre ellos se encontraban<\/p>\n<p dir=\"ltr\" style=\"text-align: justify;\">&#8211; 15.683 en Europa (Francia, Alemania, Italia, Pa\u00edses Bajos, Polonia, Espa\u00f1a, Suiza y Reino Unido)<\/p>\n<p dir=\"ltr\" style=\"text-align: justify;\">&#8211; 3.829 en Am\u00e9rica del Norte (Estados Unidos y Canad\u00e1)<\/p>\n<p dir=\"ltr\" style=\"text-align: justify;\">&#8211; 5.768 en Am\u00e9rica Latina (Argentina, Brasil y Chile)<\/p>\n<p dir=\"ltr\" style=\"text-align: justify;\">&#8211; 7.644 en Asia Pac\u00edfico (Australia, China, India y Singapur)<\/p>\n<p dir=\"ltr\" style=\"text-align: justify;\">La encuesta se realiz\u00f3 en l\u00ednea en el idioma local.<\/p>\n<h4 dir=\"ltr\">Pintura Argentina<\/h4>\n<figure id=\"attachment_194\" aria-describedby=\"caption-attachment-194\" style=\"width: 400px\" class=\"wp-caption aligncenter\"><a href=\"https:\/\/itconnect.lat\/portal\/wp-content\/uploads\/2022\/10\/Trabajo-IT-en-busca-de-la-igualdad-equidad-y-justicia.webp\"><img loading=\"lazy\" decoding=\"async\" class=\"wp-image-194 size-full\" src=\"https:\/\/itconnect.lat\/portal\/wp-content\/uploads\/2022\/10\/Trabajo-IT-en-busca-de-la-igualdad-equidad-y-justicia-e1665760976693.webp\" alt=\"Trabajo IT: en busca de la igualdad, equidad y justicia\" width=\"400\" height=\"314\" title=\"\" srcset=\"https:\/\/itconnect.lat\/portal\/wp-content\/uploads\/2022\/10\/Trabajo-IT-en-busca-de-la-igualdad-equidad-y-justicia-e1665760976693.webp 400w, https:\/\/itconnect.lat\/portal\/wp-content\/uploads\/2022\/10\/Trabajo-IT-en-busca-de-la-igualdad-equidad-y-justicia-e1665760976693-300x236.webp 300w, https:\/\/itconnect.lat\/portal\/wp-content\/uploads\/2022\/10\/Trabajo-IT-en-busca-de-la-igualdad-equidad-y-justicia-e1665760976693-320x251.webp 320w, https:\/\/itconnect.lat\/portal\/wp-content\/uploads\/2022\/10\/Trabajo-IT-en-busca-de-la-igualdad-equidad-y-justicia-e1665760976693-360x283.webp 360w\" sizes=\"auto, (max-width: 400px) 100vw, 400px\" \/><\/a><figcaption id=\"caption-attachment-194\" class=\"wp-caption-text\">Trabajo IT: en busca de la igualdad, equidad y justicia<\/figcaption><\/figure>\n<p dir=\"ltr\">\n<p dir=\"ltr\" style=\"text-align: justify;\">Los resultados globales se ponderaron para representar el tama\u00f1o de la poblaci\u00f3n activa de cada pa\u00eds.<\/p>\n<p dir=\"ltr\" style=\"text-align: justify;\">Las ponderaciones se basan en los datos de la poblaci\u00f3n activa del Banco Mundial, que se obtienen a partir de los datos de la base de datos ILOSTAT, la base de datos estad\u00edstica central de la Organizaci\u00f3n Internacional del Trabajo (OIT), a 8 de febrero de 2022.<\/p>\n<p dir=\"ltr\" style=\"text-align: justify;\">La encuesta es inapelable y demuestra con n\u00fameros claros la necesidad de la <a href=\"http:\/\/www.agc.org.ar\" target=\"_blank\" rel=\"noopener\">actividad gremial<\/a> en cada vertical, fundamentalmente en el rubro tecnol\u00f3gico, para brindar equidad e igualdad en el trato a cada trabajador, cobrando como corresponde por cada hora trabajada.<\/p>\n<p dir=\"ltr\" style=\"text-align: justify;\">Muchos empresarios bajo la adjetivizaci\u00f3n del trabajador, denomin\u00e1ndolo &#8220;talento&#8221;, buscan minimizar estas asimetr\u00edas argumentando que pagan por talento y no por trabajo.<\/p>\n<p dir=\"ltr\" style=\"text-align: justify;\">Obviamente en el mercado tecnol\u00f3gico, lo denominan talento pero a la hora de reconocer los derechos de autor y la participaci\u00f3n en las ganancias de una obra, vuelven a considerarlos trabajadores &#8220;desagradecidos&#8221;.<\/p>\n<p dir=\"ltr\" style=\"text-align: justify;\">La actividad gremial en Argentina, no est\u00e1 para obstaculizar el desarrollo, ni para vivir del empleado, busca desarrollar una funci\u00f3n de equilibrio o paridad, que garantice la equidad e igualdad.<\/p>\n<p dir=\"ltr\" style=\"text-align: justify;\">El cual muchas veces es rechazado por los trabajadores gracias a una cultura reforzada por las c\u00e1maras empresarias que buscaron de forma supina, establecer un &#8220;no cambio&#8221; para maximizar la expoliaci\u00f3n al IQ Argentino.<\/p>\n<p dir=\"ltr\" style=\"text-align: justify;\">Llevamos 22 a\u00f1os del siglo 21, y resulta molesto tener que debatir nuevamente temas que a mediados del siglo 20 fueron establecidos, cuando el mundo tecnol\u00f3gico daba sus primeros pasos, sin dudas a\u00fan exite una franja empresaria que atrasa.<\/p>\n<p dir=\"ltr\" style=\"text-align: justify;\">La \u00fanica salida viable es el di\u00e1logo multisectorial, para encontrar herramientas que permitan aprovechar al m\u00e1ximo las bondades de la Econom\u00eda del Conocimiento.<\/p>\n<p dir=\"ltr\">\n<p dir=\"ltr\">Por Marcelo Lozano &#8211; General Publisher <a href=\"https:\/\/itconnect.lat\/portal\/\">IT CONNECT LATAM<\/a><\/p>\n<p dir=\"ltr\">\n","protected":false},"excerpt":{"rendered":"<p>Conservar el trabajo, tener un ascenso o ser reconocido, son algunas de las cosas que un trabajador considera importante lograr en su empresa. Y por esta raz\u00f3n, que muchas veces las jornadas de trabajo se hacen m\u00e1s extensas, que lo que correponde. Ya que esto se ve\u00a0 como una manera de poder demostrar el compromiso [&hellip;]<\/p>\n","protected":false},"author":2,"featured_media":193,"comment_status":"closed","ping_status":"open","sticky":false,"template":"","format":"standard","meta":{"site-sidebar-layout":"default","site-content-layout":"","ast-site-content-layout":"default","site-content-style":"default","site-sidebar-style":"default","ast-global-header-display":"","ast-banner-title-visibility":"","ast-main-header-display":"","ast-hfb-above-header-display":"","ast-hfb-below-header-display":"","ast-hfb-mobile-header-display":"","site-post-title":"","ast-breadcrumbs-content":"","ast-featured-img":"","footer-sml-layout":"","ast-disable-related-posts":"","theme-transparent-header-meta":"","adv-header-id-meta":"","stick-header-meta":"","header-above-stick-meta":"","header-main-stick-meta":"","header-below-stick-meta":"","astra-migrate-meta-layouts":"default","ast-page-background-enabled":"default","ast-page-background-meta":{"desktop":{"background-color":"var(--ast-global-color-4)","background-image":"","background-repeat":"repeat","background-position":"center center","background-size":"auto","background-attachment":"scroll","background-type":"","background-media":"","overlay-type":"","overlay-color":"","overlay-opacity":"","overlay-gradient":""},"tablet":{"background-color":"","background-image":"","background-repeat":"repeat","background-position":"center center","background-size":"auto","background-attachment":"scroll","background-type":"","background-media":"","overlay-type":"","overlay-color":"","overlay-opacity":"","overlay-gradient":""},"mobile":{"background-color":"","background-image":"","background-repeat":"repeat","background-position":"center center","background-size":"auto","background-attachment":"scroll","background-type":"","background-media":"","overlay-type":"","overlay-color":"","overlay-opacity":"","overlay-gradient":""}},"ast-content-background-meta":{"desktop":{"background-color":"var(--ast-global-color-5)","background-image":"","background-repeat":"repeat","background-position":"center center","background-size":"auto","background-attachment":"scroll","background-type":"","background-media":"","overlay-type":"","overlay-color":"","overlay-opacity":"","overlay-gradient":""},"tablet":{"background-color":"var(--ast-global-color-5)","background-image":"","background-repeat":"repeat","background-position":"center center","background-size":"auto","background-attachment":"scroll","background-type":"","background-media":"","overlay-type":"","overlay-color":"","overlay-opacity":"","overlay-gradient":""},"mobile":{"background-color":"var(--ast-global-color-5)","background-image":"","background-repeat":"repeat","background-position":"center center","background-size":"auto","background-attachment":"scroll","background-type":"","background-media":"","overlay-type":"","overlay-color":"","overlay-opacity":"","overlay-gradient":""}},"footnotes":""},"categories":[57],"tags":[221,222],"class_list":["post-190","post","type-post","status-publish","format-standard","has-post-thumbnail","hentry","category-diversidad-e-inclusion","tag-people-at-work-2022","tag-trabajo-gratis"],"amp_enabled":true,"_links":{"self":[{"href":"https:\/\/itconnect.lat\/portal\/wp-json\/wp\/v2\/posts\/190","targetHints":{"allow":["GET"]}}],"collection":[{"href":"https:\/\/itconnect.lat\/portal\/wp-json\/wp\/v2\/posts"}],"about":[{"href":"https:\/\/itconnect.lat\/portal\/wp-json\/wp\/v2\/types\/post"}],"author":[{"embeddable":true,"href":"https:\/\/itconnect.lat\/portal\/wp-json\/wp\/v2\/users\/2"}],"replies":[{"embeddable":true,"href":"https:\/\/itconnect.lat\/portal\/wp-json\/wp\/v2\/comments?post=190"}],"version-history":[{"count":3,"href":"https:\/\/itconnect.lat\/portal\/wp-json\/wp\/v2\/posts\/190\/revisions"}],"predecessor-version":[{"id":195,"href":"https:\/\/itconnect.lat\/portal\/wp-json\/wp\/v2\/posts\/190\/revisions\/195"}],"wp:featuredmedia":[{"embeddable":true,"href":"https:\/\/itconnect.lat\/portal\/wp-json\/wp\/v2\/media\/193"}],"wp:attachment":[{"href":"https:\/\/itconnect.lat\/portal\/wp-json\/wp\/v2\/media?parent=190"}],"wp:term":[{"taxonomy":"category","embeddable":true,"href":"https:\/\/itconnect.lat\/portal\/wp-json\/wp\/v2\/categories?post=190"},{"taxonomy":"post_tag","embeddable":true,"href":"https:\/\/itconnect.lat\/portal\/wp-json\/wp\/v2\/tags?post=190"}],"curies":[{"name":"wp","href":"https:\/\/api.w.org\/{rel}","templated":true}]}}