{"id":175,"date":"2022-10-13T11:49:36","date_gmt":"2022-10-13T14:49:36","guid":{"rendered":"https:\/\/itconnect.lat\/portal\/?p=175"},"modified":"2022-10-13T11:49:36","modified_gmt":"2022-10-13T14:49:36","slug":"michael-dell-000000000000000000000002022","status":"publish","type":"post","link":"https:\/\/itconnect.lat\/portal\/michael-dell-000000000000000000000002022\/","title":{"rendered":"Michael Dell 2022: \u201csabemos c\u00f3mo ayudar a las empresas\u201d"},"content":{"rendered":"<h2 style=\"font-weight: 400;\"><strong>Para Michael Dell, presidente de Dell Technologies, las empresas no se detienen ante el reto de evolucionar en la econom\u00eda de los datos. <\/strong><\/h2>\n<p style=\"font-weight: 400; text-align: justify;\">En un contexto de desaf\u00edos econ\u00f3micos requieren de un aliado tecnol\u00f3gico que les permita transitar una ruta ordenada, simple y consistente a la experiencia multinube.<\/p>\n<figure id=\"attachment_177\" aria-describedby=\"caption-attachment-177\" style=\"width: 400px\" class=\"wp-caption aligncenter\"><a href=\"https:\/\/itconnect.lat\/portal\/wp-content\/uploads\/2022\/10\/Michael-Dell-1-e1665671755214.webp\"><img loading=\"lazy\" decoding=\"async\" class=\"size-full wp-image-177\" src=\"https:\/\/itconnect.lat\/portal\/wp-content\/uploads\/2022\/10\/Michael-Dell-1-e1665671755214.webp\" alt=\"Michael Dell\" width=\"400\" height=\"225\" title=\"\" srcset=\"https:\/\/itconnect.lat\/portal\/wp-content\/uploads\/2022\/10\/Michael-Dell-1-e1665671755214.webp 400w, https:\/\/itconnect.lat\/portal\/wp-content\/uploads\/2022\/10\/Michael-Dell-1-e1665671755214-300x169.webp 300w, https:\/\/itconnect.lat\/portal\/wp-content\/uploads\/2022\/10\/Michael-Dell-1-e1665671755214-320x180.webp 320w, https:\/\/itconnect.lat\/portal\/wp-content\/uploads\/2022\/10\/Michael-Dell-1-e1665671755214-360x203.webp 360w\" sizes=\"auto, (max-width: 400px) 100vw, 400px\" \/><\/a><figcaption id=\"caption-attachment-177\" class=\"wp-caption-text\">Michael Dell<\/figcaption><\/figure>\n<p style=\"font-weight: 400; text-align: justify;\">En la \u00faltima edici\u00f3n de Dell Tech Summit, Michael Dell, Chairman y CEO de <a href=\"https:\/\/www.dell.com\/es-ar\/dt\/index.htm\" target=\"_blank\" rel=\"noopener\">Dell Technologies<\/a>, destac\u00f3 la relevancia del momento de transformaci\u00f3n en las empresas hacia una econom\u00eda basada en los datos, que no puede detenerse ante las turbulencias de los ciclos econ\u00f3micos.<\/p>\n<p style=\"font-weight: 400; text-align: justify;\">\u201cEste no es nuestro primer rodeo. Nos han tocado vivir otros ciclos econ\u00f3micos anteriormente, y sabemos c\u00f3mo ayudar a nuestros clientes.<\/p>\n<p style=\"font-weight: 400; text-align: justify;\">Sabemos c\u00f3mo impulsar a la empresa durante per\u00edodos de turbulencia econ\u00f3mica y, al final del d\u00eda, sabemos que tenemos ventajas competitivas incre\u00edbles:<\/p>\n<p style=\"font-weight: 400; text-align: justify;\">Nuestra cadena de suministro, nuestras relaciones con los clientes y socios, nuestro soporte global, nuestra capacidad. Sabemos emerger m\u00e1s fuertes\u201d.<\/p>\n<figure id=\"attachment_178\" aria-describedby=\"caption-attachment-178\" style=\"width: 400px\" class=\"wp-caption aligncenter\"><a href=\"https:\/\/itconnect.lat\/portal\/wp-content\/uploads\/2022\/10\/Michael-Dell-Protagnista-del-Dell-Technologies-Summit-e1665671926366.webp\"><img loading=\"lazy\" decoding=\"async\" class=\"size-full wp-image-178\" src=\"https:\/\/itconnect.lat\/portal\/wp-content\/uploads\/2022\/10\/Michael-Dell-Protagnista-del-Dell-Technologies-Summit-e1665671926366.webp\" alt=\"Michael Dell protagnista de Dell Technologies Summit 2022\" width=\"400\" height=\"225\" title=\"\" srcset=\"https:\/\/itconnect.lat\/portal\/wp-content\/uploads\/2022\/10\/Michael-Dell-Protagnista-del-Dell-Technologies-Summit-e1665671926366.webp 400w, https:\/\/itconnect.lat\/portal\/wp-content\/uploads\/2022\/10\/Michael-Dell-Protagnista-del-Dell-Technologies-Summit-e1665671926366-300x169.webp 300w, https:\/\/itconnect.lat\/portal\/wp-content\/uploads\/2022\/10\/Michael-Dell-Protagnista-del-Dell-Technologies-Summit-e1665671926366-320x180.webp 320w, https:\/\/itconnect.lat\/portal\/wp-content\/uploads\/2022\/10\/Michael-Dell-Protagnista-del-Dell-Technologies-Summit-e1665671926366-360x203.webp 360w\" sizes=\"auto, (max-width: 400px) 100vw, 400px\" \/><\/a><figcaption id=\"caption-attachment-178\" class=\"wp-caption-text\">Michael Dell protagnista de Dell Technologies Summit 2022<\/figcaption><\/figure>\n<p style=\"font-weight: 400; text-align: justify;\">En este sentido, Michael Dell destac\u00f3 los m\u00e1s recientes resultados financieros de la compa\u00f1\u00eda en los que report\u00f3 un incremento en los resultados operativos de 41% a\u00f1o a a\u00f1o.<\/p>\n<p style=\"font-weight: 400; text-align: justify;\">Con aumento de la participaci\u00f3n del mercado comercial de PC en 34 de los \u00faltimos 38 trimestres<sup>1<\/sup>, y m\u00e1s recientemente apalancados en la oferta de soluciones multinube como servicio, a trav\u00e9s del portafolio de APEX.<\/p>\n<p style=\"font-weight: 400; text-align: justify;\">\u201cLa respuesta de los clientes ha sido realmente importante, y creo que la raz\u00f3n es que los clientes se centran en los resultados y quieren formas simples de poder impulsar m\u00e1s r\u00e1pidamente la transformaci\u00f3n de sus negocios.<\/p>\n<p style=\"font-weight: 400; text-align: justify;\">Multinube es el tema que est\u00e1 resonando en toda la industria y en todos los clientes con los que trabajamos.<\/p>\n<p style=\"font-weight: 400; text-align: justify;\">Por ello estamos innovando para brindar una experiencia perfecta para que los clientes puedan ejecutar sus aplicaciones y datos, ya sea una nube p\u00fablica, una nube h\u00edbrida privada y, por supuesto en el borde\u201d.<\/p>\n<h3 style=\"font-weight: 400; text-align: justify;\"><strong>Hacia un entorno multinube ordenado, simple y seguro<\/strong><\/h3>\n<p style=\"font-weight: 400; text-align: justify;\">El anuncio de Project Frontier, realizado el d\u00eda de hoy, se incorpora a la estrategia de Dell Technologies de habilitar en las empresas una experiencia multinube ordenada, simple y segura.<\/p>\n<p style=\"font-weight: 400; text-align: justify;\">Project Frontier de Dell integra una plataforma de software de operaciones de Edge para escalar de forma segura las aplicaciones y la infraestructura de edge, al tiempo que habilita el soporte para la elecci\u00f3n de tecnolog\u00edas operativas y de varias nubes, software, e IoT.<\/p>\n<figure id=\"attachment_179\" aria-describedby=\"caption-attachment-179\" style=\"width: 400px\" class=\"wp-caption aligncenter\"><a href=\"https:\/\/itconnect.lat\/portal\/wp-content\/uploads\/2022\/10\/Dell-Technologies-de-la-mano-de-Michel-Dell-camino-a-cubrir-el-borde-e1665672142637.webp\"><img loading=\"lazy\" decoding=\"async\" class=\"size-full wp-image-179\" src=\"https:\/\/itconnect.lat\/portal\/wp-content\/uploads\/2022\/10\/Dell-Technologies-de-la-mano-de-Michel-Dell-camino-a-cubrir-el-borde-e1665672142637.webp\" alt=\"Dell Technologies de la mano de Michel Dell camino a cubrir el borde\" width=\"400\" height=\"200\" title=\"\" srcset=\"https:\/\/itconnect.lat\/portal\/wp-content\/uploads\/2022\/10\/Dell-Technologies-de-la-mano-de-Michel-Dell-camino-a-cubrir-el-borde-e1665672142637.webp 400w, https:\/\/itconnect.lat\/portal\/wp-content\/uploads\/2022\/10\/Dell-Technologies-de-la-mano-de-Michel-Dell-camino-a-cubrir-el-borde-e1665672142637-300x150.webp 300w, https:\/\/itconnect.lat\/portal\/wp-content\/uploads\/2022\/10\/Dell-Technologies-de-la-mano-de-Michel-Dell-camino-a-cubrir-el-borde-e1665672142637-320x160.webp 320w, https:\/\/itconnect.lat\/portal\/wp-content\/uploads\/2022\/10\/Dell-Technologies-de-la-mano-de-Michel-Dell-camino-a-cubrir-el-borde-e1665672142637-360x180.webp 360w\" sizes=\"auto, (max-width: 400px) 100vw, 400px\" \/><\/a><figcaption id=\"caption-attachment-179\" class=\"wp-caption-text\">Dell Technologies de la mano de Michel Dell camino a cubrir el borde<\/figcaption><\/figure>\n<p style=\"font-weight: 400; text-align: justify;\">\u201cEstamos presentando una plataforma de software para operaci\u00f3n en el borde (Edge) que ayuda los clientes a simplificar, optimizar y escalar sus aplicaciones de borde de una manera segura.<\/p>\n<p style=\"font-weight: 400; text-align: justify;\">Y todo esto est\u00e1 respaldado por nuestra red de implementaci\u00f3n con soporte global para todo tipo de industrias &#8211; fabricaci\u00f3n avanzada, log\u00edstica minorista, transporte y telecomunicaciones- donde estamos viendo la ventaja de despegar a lo grande.<\/p>\n<p style=\"font-weight: 400; text-align: justify;\">Realmente estamos ayudando a los clientes en hacer que las nubes m\u00faltiples impulsen esta expansi\u00f3n\u201d, destac\u00f3 <strong>Michael Dell<\/strong>.<\/p>\n<p style=\"font-weight: 400; text-align: justify;\">Las empresas son v\u00edctimas de un ciberataque cada 11 segundos. Y cada una de estas incidencias pueden alcanzar costos de hasta 13 millones de d\u00f3lares.<\/p>\n<p style=\"font-weight: 400; text-align: justify;\">Con m\u00e1s dispositivos conectados, la superficie de ataque se extiende y todos los componentes de la infraestructura de TI deben brindar seguridad por dise\u00f1o para construir resiliencia cibern\u00e9tica.<\/p>\n<p style=\"font-weight: 400; text-align: justify;\">\u201cQueremos hacer que <strong>Zero Trust<\/strong> sea m\u00e1s f\u00e1cil para nuestros clientes.<\/p>\n<p style=\"font-weight: 400; text-align: justify;\">Estamos construyendo seguridad en todos nuestros productos y en toda nuestra cadena de suministro desde hace d\u00e9cadas.<\/p>\n<p style=\"font-weight: 400; text-align: justify;\">Todos nuestros servicios de evaluaci\u00f3n, servicios de administraci\u00f3n, detecci\u00f3n y respuesta garantizan resiliencia cibern\u00e9tica, y est\u00e1n disponibles a trav\u00e9s de APEX, para que la seguridad siga siendo una prioridad principal para nuestros clientes\u201d.<\/p>\n<h3 style=\"font-weight: 400; text-align: justify;\"><strong>Nuevas alianzas para crecer<\/strong><\/h3>\n<p style=\"font-weight: 400; text-align: justify;\">Dell anunci\u00f3\u00a0una colaboraci\u00f3n con\u00a0Microsoft\u00a0para ofrecer nuevas configuraciones de un solo nodo para clientes con centros de datos m\u00e1s peque\u00f1os, mayor rendimiento de la carga de trabajo de IA \/ ML y soporte para la \u00faltima versi\u00f3n de <strong>Microsoft Azure Stack HCI<\/strong>.<\/p>\n<p style=\"font-weight: 400; text-align: justify;\"><strong>Dell Integrated System<\/strong> for <strong>Microsoft Azure Stack HCI<\/strong> re\u00fane la potencia de Microsoft Azure con el control y la seguridad inherentes de la infraestructura local.<\/p>\n<p style=\"font-weight: 400; text-align: justify;\">Con\u00a0los sistemas automatizados e integrados para Azure Stack HCI de <strong>Dell Technologies<\/strong>, las organizaciones pueden simplificar\u00a0las operaciones de nube h\u00edbrida de Azure e\u00a0impulsar la administraci\u00f3n coherente y la soberan\u00eda de datos en entornos de nube p\u00fablica y local.<\/p>\n<p style=\"font-weight: 400; text-align: justify;\">Con los \u00faltimos avances de Dell, tras el anuncio de <strong>Proyect Frontier<\/strong>, los clientes podr\u00e1n desplegar implementaciones de Azure m\u00e1s coherentes y seguras a trav\u00e9s de una integraci\u00f3n m\u00e1s profunda entre el software <strong>Dell OpenManage<\/strong>, <strong>Windows Admin Center<\/strong> y <strong>Azure Arc<\/strong>.<\/p>\n<p style=\"font-weight: 400; text-align: justify;\">Estas integraciones permiten a nuestros clientes modernizar las aplicaciones y ofrecer servicios en la nube en todas las ubicaciones de TI con la administraci\u00f3n centralizada de Azure Arc.<\/p>\n<p style=\"font-weight: 400; text-align: justify;\">Dell tambi\u00e9n anunci\u00f3 un acuerdo de soporte a la arquitectura de contenedores <strong>Red Hat OpenShift<\/strong> en el portafolio de APEX. <span style=\"color: #ffffff;\">Michael Dell, Michael Dell, Michael Dell, Michael Dell, Michael Dell, Michael Dell, Michael Dell, Michael Dell, Michael Dell, Michael Dell, Michael Dell, Michael Dell,\u00a0<\/span><\/p>\n<h6 style=\"font-weight: 400; text-align: justify;\"><span style=\"font-size: 8pt;\"><strong><span lang=\"ES-VE\">[1]<\/span><span lang=\"ES-VE\">\u00a0<\/span><span lang=\"PT-BR\">Basado en unidades, a partir de los datos de IDC del segundo trimestre de CY2022. Datos entre Q1 CY2013 e Q2 CY2022.<\/span>\u00a0<\/strong><\/span><\/h6>\n<p>&nbsp;<\/p>\n<p>Por Marcelo Lozano &#8211; General Publisher <a href=\"https:\/\/itconnect.lat\/portal\/\">IT CONNECT LATAM<\/a><\/p>\n","protected":false},"excerpt":{"rendered":"<p>Para Michael Dell, presidente de Dell Technologies, las empresas no se detienen ante el reto de evolucionar en la econom\u00eda de los datos. En un contexto de desaf\u00edos econ\u00f3micos requieren de un aliado tecnol\u00f3gico que les permita transitar una ruta ordenada, simple y consistente a la experiencia multinube. En la \u00faltima edici\u00f3n de Dell Tech [&hellip;]<\/p>\n","protected":false},"author":2,"featured_media":176,"comment_status":"closed","ping_status":"open","sticky":false,"template":"","format":"standard","meta":{"site-sidebar-layout":"default","site-content-layout":"","ast-site-content-layout":"default","site-content-style":"default","site-sidebar-style":"default","ast-global-header-display":"","ast-banner-title-visibility":"","ast-main-header-display":"","ast-hfb-above-header-display":"","ast-hfb-below-header-display":"","ast-hfb-mobile-header-display":"","site-post-title":"","ast-breadcrumbs-content":"","ast-featured-img":"","footer-sml-layout":"","ast-disable-related-posts":"","theme-transparent-header-meta":"","adv-header-id-meta":"","stick-header-meta":"","header-above-stick-meta":"","header-main-stick-meta":"","header-below-stick-meta":"","astra-migrate-meta-layouts":"default","ast-page-background-enabled":"default","ast-page-background-meta":{"desktop":{"background-color":"var(--ast-global-color-4)","background-image":"","background-repeat":"repeat","background-position":"center center","background-size":"auto","background-attachment":"scroll","background-type":"","background-media":"","overlay-type":"","overlay-color":"","overlay-opacity":"","overlay-gradient":""},"tablet":{"background-color":"","background-image":"","background-repeat":"repeat","background-position":"center center","background-size":"auto","background-attachment":"scroll","background-type":"","background-media":"","overlay-type":"","overlay-color":"","overlay-opacity":"","overlay-gradient":""},"mobile":{"background-color":"","background-image":"","background-repeat":"repeat","background-position":"center center","background-size":"auto","background-attachment":"scroll","background-type":"","background-media":"","overlay-type":"","overlay-color":"","overlay-opacity":"","overlay-gradient":""}},"ast-content-background-meta":{"desktop":{"background-color":"var(--ast-global-color-5)","background-image":"","background-repeat":"repeat","background-position":"center center","background-size":"auto","background-attachment":"scroll","background-type":"","background-media":"","overlay-type":"","overlay-color":"","overlay-opacity":"","overlay-gradient":""},"tablet":{"background-color":"var(--ast-global-color-5)","background-image":"","background-repeat":"repeat","background-position":"center center","background-size":"auto","background-attachment":"scroll","background-type":"","background-media":"","overlay-type":"","overlay-color":"","overlay-opacity":"","overlay-gradient":""},"mobile":{"background-color":"var(--ast-global-color-5)","background-image":"","background-repeat":"repeat","background-position":"center center","background-size":"auto","background-attachment":"scroll","background-type":"","background-media":"","overlay-type":"","overlay-color":"","overlay-opacity":"","overlay-gradient":""}},"footnotes":""},"categories":[52],"tags":[215,216,212,194,211,213,217,214],"class_list":["post-175","post","type-post","status-publish","format-standard","has-post-thumbnail","hentry","category-liderazgo-de-ti","tag-azure-arc","tag-dell-integrated-system","tag-dell-openmanage","tag-dell-technologies","tag-microsoft-azure-stack-hci","tag-proyect-frontier","tag-red-hat-openshift","tag-windows-admin-center"],"amp_enabled":true,"_links":{"self":[{"href":"https:\/\/itconnect.lat\/portal\/wp-json\/wp\/v2\/posts\/175","targetHints":{"allow":["GET"]}}],"collection":[{"href":"https:\/\/itconnect.lat\/portal\/wp-json\/wp\/v2\/posts"}],"about":[{"href":"https:\/\/itconnect.lat\/portal\/wp-json\/wp\/v2\/types\/post"}],"author":[{"embeddable":true,"href":"https:\/\/itconnect.lat\/portal\/wp-json\/wp\/v2\/users\/2"}],"replies":[{"embeddable":true,"href":"https:\/\/itconnect.lat\/portal\/wp-json\/wp\/v2\/comments?post=175"}],"version-history":[{"count":2,"href":"https:\/\/itconnect.lat\/portal\/wp-json\/wp\/v2\/posts\/175\/revisions"}],"predecessor-version":[{"id":181,"href":"https:\/\/itconnect.lat\/portal\/wp-json\/wp\/v2\/posts\/175\/revisions\/181"}],"wp:featuredmedia":[{"embeddable":true,"href":"https:\/\/itconnect.lat\/portal\/wp-json\/wp\/v2\/media\/176"}],"wp:attachment":[{"href":"https:\/\/itconnect.lat\/portal\/wp-json\/wp\/v2\/media?parent=175"}],"wp:term":[{"taxonomy":"category","embeddable":true,"href":"https:\/\/itconnect.lat\/portal\/wp-json\/wp\/v2\/categories?post=175"},{"taxonomy":"post_tag","embeddable":true,"href":"https:\/\/itconnect.lat\/portal\/wp-json\/wp\/v2\/tags?post=175"}],"curies":[{"name":"wp","href":"https:\/\/api.w.org\/{rel}","templated":true}]}}