{"id":1039,"date":"2023-02-12T15:22:14","date_gmt":"2023-02-12T18:22:14","guid":{"rendered":"https:\/\/itconnect.lat\/portal\/?p=1039"},"modified":"2023-02-12T15:22:14","modified_gmt":"2023-02-12T18:22:14","slug":"mujeres-en-la-ciencia-000000000001","status":"publish","type":"post","link":"https:\/\/itconnect.lat\/portal\/mujeres-en-la-ciencia-000000000001\/","title":{"rendered":"Mujeres en la ciencia: 11\/2 es necesario reducir la brecha"},"content":{"rendered":"<h2>Mujeres en la ciencia, en b\u00fasqueda del m\u00e9todo para reducir la brecha de g\u00e9nero para alcanzar la igualdad<\/h2>\n<p style=\"text-align: justify;\">Vivimos un momento excepcional de creaci\u00f3n de conocimiento, tenemos a universidades, empresas privadas y gobiernos generando investigaci\u00f3n.<\/p>\n<p style=\"text-align: justify;\">Buscando la cura para alguna enfermedad, viajando al espacio o simplemente resolviendo un problema de la vida cotidiana.<\/p>\n<figure id=\"attachment_1044\" aria-describedby=\"caption-attachment-1044\" style=\"width: 400px\" class=\"wp-caption alignright\"><a href=\"https:\/\/itconnect.lat\/portal\/wp-content\/uploads\/2023\/02\/Mujeres-en-la-ciencia-2-e1676225811327.jpg\"><img loading=\"lazy\" decoding=\"async\" class=\"size-full wp-image-1044\" src=\"https:\/\/itconnect.lat\/portal\/wp-content\/uploads\/2023\/02\/Mujeres-en-la-ciencia-2-e1676225811327.jpg\" alt=\"Mujeres en la ciencia\" width=\"400\" height=\"225\" title=\"\" srcset=\"https:\/\/itconnect.lat\/portal\/wp-content\/uploads\/2023\/02\/Mujeres-en-la-ciencia-2-e1676225811327.jpg 400w, https:\/\/itconnect.lat\/portal\/wp-content\/uploads\/2023\/02\/Mujeres-en-la-ciencia-2-e1676225811327-300x169.jpg 300w\" sizes=\"auto, (max-width: 400px) 100vw, 400px\" \/><\/a><figcaption id=\"caption-attachment-1044\" class=\"wp-caption-text\">Mujeres en la ciencia<\/figcaption><\/figure>\n<p style=\"text-align: justify;\">Estamos inmersos en la cuarta revoluci\u00f3n, la de los cambios tecnol\u00f3gicos, de la digitalizaci\u00f3n de las finanzas.<\/p>\n<p style=\"text-align: justify;\">La del Internet de las Cosas (IoT)\u00a0 y las posibilidades que nos dan las aplicaciones en la nube para mejorar el trabajo en todos los sectores de la econom\u00eda y la vida en general.<\/p>\n<p style=\"text-align: justify;\">Hoy en d\u00eda, necesitamos el talento de todos -hombres y mujeres- y es el momento de incorporar todas las voces a la investigaci\u00f3n y a la generaci\u00f3n de conocimiento.<\/p>\n<p style=\"text-align: justify;\">No obstante, las mujeres no han sido reconocidas lo suficiente en la ciencia y carecen de las mismas oportunidades que sus compa\u00f1eros.<\/p>\n<p style=\"text-align: justify;\">De acuerdo con datos del Informe sobre la ciencia 2021, realizado por la Organizaci\u00f3n de las Naciones Unidas para la Educaci\u00f3n Ciencia y Cultura, las mujeres a nivel global representan , el 28% de los graduados en ingenier\u00eda.<\/p>\n<p style=\"text-align: justify;\">Mientras que, en la industria de la Inteligencia Artificial (IA), son solamente el 22% del total de personas que trabaja en este sector y cuando ellas fundan sus\u00a0 propias\u00a0 empresas.<\/p>\n<p style=\"text-align: justify;\">Las\u00a0 mujeres\u00a0 reciben\u00a0 menos\u00a0 del\u00a0 3%\u00a0 del\u00a0 capital\u00a0 riesgo\u00a0 total\u00a0 invertido, en comparaci\u00f3n con los hombres.<\/p>\n<figure id=\"attachment_1045\" aria-describedby=\"caption-attachment-1045\" style=\"width: 400px\" class=\"wp-caption aligncenter\"><a href=\"https:\/\/itconnect.lat\/portal\/wp-content\/uploads\/2023\/02\/Mujeres-en-la-ciencia-en-busca-de-la-equidad-e1676225905290.png\"><img loading=\"lazy\" decoding=\"async\" class=\"size-full wp-image-1045\" src=\"https:\/\/itconnect.lat\/portal\/wp-content\/uploads\/2023\/02\/Mujeres-en-la-ciencia-en-busca-de-la-equidad-e1676225905290.png\" alt=\"Mujeres en la ciencia, en busca de la equidad\" width=\"400\" height=\"200\" title=\"\" srcset=\"https:\/\/itconnect.lat\/portal\/wp-content\/uploads\/2023\/02\/Mujeres-en-la-ciencia-en-busca-de-la-equidad-e1676225905290.png 400w, https:\/\/itconnect.lat\/portal\/wp-content\/uploads\/2023\/02\/Mujeres-en-la-ciencia-en-busca-de-la-equidad-e1676225905290-300x150.png 300w\" sizes=\"auto, (max-width: 400px) 100vw, 400px\" \/><\/a><figcaption id=\"caption-attachment-1045\" class=\"wp-caption-text\">Mujeres en la ciencia, en busca de la equidad<\/figcaption><\/figure>\n<h3>La colaboraci\u00f3n es la clave<\/h3>\n<p style=\"text-align: justify;\">Para Baufest es importante que el desarrollo del conocimiento sea un proceso colaborativo entre investigadores.<\/p>\n<p style=\"text-align: justify;\">La experiencia nos dice que para alcanzar buenos resultados en el desarrollo de software, la participaci\u00f3n de los hombres y mujeres debe ser por igual.<\/p>\n<p style=\"text-align: justify;\">El enfoque que seguimos, de integrar la tecnolog\u00eda y las personas, nos ayuda a apreciar y valorar todas las opiniones en una investigaci\u00f3n, sin importar qui\u00e9n las origin\u00f3.<\/p>\n<p style=\"text-align: justify;\">Para nosotros no puede ser de otra manera, ya que tenemos el objetivo de desarrollar una tecnolog\u00eda m\u00e1s humana.<\/p>\n<p style=\"text-align: justify;\">Como parte de nuestros <strong>Principios de Tecnolog\u00eda Centrada en las personas<\/strong>, apoyamos en un proceso de creaci\u00f3n que busca conectar y empoderar a los colaboradores, productores, proveedores, usuarios, beneficiarios y clientes.<\/p>\n<p style=\"text-align: justify;\">A trav\u00e9s de la tecnolog\u00eda de software, respetando la diversidad y promoviendo la inclusi\u00f3n.<\/p>\n<h3 style=\"text-align: left;\"><strong>\u00bfQu\u00e9 hacemos para respaldar este compromiso? <\/strong><\/h3>\n<p style=\"text-align: justify;\">Promovemos una cultura reflexiva, que nos ayude a identificar desaf\u00edos, y que permita aprender colectivamente.<\/p>\n<p style=\"text-align: justify;\">Fomentamos el di\u00e1logo y el intercambio de experiencias para enriquecer nuestra postura y abordaje organizacional de los proyectos, procesos y resultados.<\/p>\n<p style=\"text-align: justify;\">Estamos comprometidos individualmente a velar por los valores de estos principios y apoyarnos mutuamente para tomar mejores decisiones, de manera para poder potenciar el impacto positivo en el entorno en el que intervenimos.<\/p>\n<h3 style=\"text-align: justify;\"><strong>Reconocimiento <\/strong><\/h3>\n<p style=\"text-align: justify;\">Ayer que celebramos el D<strong>\u00eda Internacional de las Ni\u00f1as y Mujeres en la Ciencia<\/strong> queremos pronunciarnos para que se reconozca y ejerza su participaci\u00f3n e igualdad de oportunidades.<\/p>\n<p style=\"text-align: justify;\">Frente a sus colegas y que no prevalezca la marginaci\u00f3n y mucho menos la violencia, en cualquiera de sus formas, sobre las mujeres.<\/p>\n<p style=\"text-align: justify;\">Deseamos que se genere un ambiente de trabajo que promueva el libre intercambio de opiniones y que cada una de ellas sea tomada en cuenta desde un punto estrictamente profesional;<\/p>\n<p style=\"text-align: justify;\">Que se haga con criterios imparciales, que garanticen que se seleccione el mayor aporte intelectual.<\/p>\n<p style=\"text-align: justify;\">Creemos tambi\u00e9n que es importante fomentar la semilla del emprendimiento, de la creencia en las ideas propias y la necesidad de acompa\u00f1ar los nuevos proyectos, desde la concepci\u00f3n, la planeaci\u00f3n y la ejecuci\u00f3n.<\/p>\n<p style=\"text-align: justify;\">Apoyando cada paso tanto de forma intelectual como financiera.<\/p>\n<figure id=\"attachment_1046\" aria-describedby=\"caption-attachment-1046\" style=\"width: 400px\" class=\"wp-caption alignleft\"><a href=\"https:\/\/itconnect.lat\/portal\/wp-content\/uploads\/2023\/02\/El-impacto-de-las-mujeres-en-la-ciencia-como-lucha-por-la-igualdad-e1676226095332.jpg\"><img loading=\"lazy\" decoding=\"async\" class=\"size-full wp-image-1046\" src=\"https:\/\/itconnect.lat\/portal\/wp-content\/uploads\/2023\/02\/El-impacto-de-las-mujeres-en-la-ciencia-como-lucha-por-la-igualdad-e1676226095332.jpg\" alt=\"El impacto de las mujeres en la ciencia como lucha por la igualdad\" width=\"400\" height=\"267\" title=\"\" srcset=\"https:\/\/itconnect.lat\/portal\/wp-content\/uploads\/2023\/02\/El-impacto-de-las-mujeres-en-la-ciencia-como-lucha-por-la-igualdad-e1676226095332.jpg 400w, https:\/\/itconnect.lat\/portal\/wp-content\/uploads\/2023\/02\/El-impacto-de-las-mujeres-en-la-ciencia-como-lucha-por-la-igualdad-e1676226095332-300x200.jpg 300w\" sizes=\"auto, (max-width: 400px) 100vw, 400px\" \/><\/a><figcaption id=\"caption-attachment-1046\" class=\"wp-caption-text\">El impacto de las mujeres en la ciencia como lucha por la igualdad<\/figcaption><\/figure>\n<p style=\"text-align: justify;\">En Baufest pensamos que la mejor forma de conmemorar esta fecha es haciendo un compromiso entre todos, hombres y mujeres, para desarrollar nuestras capacidades a favor de un mejor futuro.<\/p>\n<p style=\"text-align: justify;\">Trabajando para que las nuevas generaciones gocen de un mejor porvenir y sean conscientes de la importancia que juegan las personas.<\/p>\n<p style=\"text-align: justify;\">Nos unimos al reconocimiento del trabajo de las mujeres en la ciencia y les enviamos un afectuoso abrazo, acompa\u00f1ado de las mejores intenciones para cerrar la brecha de g\u00e9nero que existe en la investigaci\u00f3n cient\u00edfica.<\/p>\n<p>&nbsp;<\/p>\n<p><strong>Por: Cecilia Collazo, Head of Operational Excellence (del \u00e1rea del BIT) en Baufest y docente en la <a href=\"http:\/\/www.utn.edu.ar\" target=\"_blank\" rel=\"noopener\">UTN<\/a> en Bs As.<\/strong><\/p>\n<p>Lea m\u00e1s en<\/p>\n<p><a href=\"https:\/\/itconnect.lat\/portal\/25-mujeres-en-la-ciencia-00000000000000001\/\">25 Mujeres en la Ciencia \u2013 LATAM: 3M corri\u00f3 la convocatoria<\/a><\/p>\n<p><a href=\"https:\/\/itconnect.lat\/portal\/trabajo-0000000000000000002022\/\">Trabajo 2022: \u00bfCu\u00e1ntas horas al mes regalas a tu empresa?<\/a><\/p>\n<p><span style=\"color: #ffffff;\">mujeres en la ciencia, mujeres en la ciencia, mujeres en la ciencia, mujeres en la ciencia, mujeres en la ciencia, mujeres en la ciencia, mujeres en la ciencia, mujeres en la ciencia, mujeres en la ciencia, mujeres en la ciencia,\u00a0<\/span><\/p>\n","protected":false},"excerpt":{"rendered":"<p>Mujeres en la ciencia, en b\u00fasqueda del m\u00e9todo para reducir la brecha de g\u00e9nero para alcanzar la igualdad Vivimos un momento excepcional de creaci\u00f3n de conocimiento, tenemos a universidades, empresas privadas y gobiernos generando investigaci\u00f3n. Buscando la cura para alguna enfermedad, viajando al espacio o simplemente resolviendo un problema de la vida cotidiana. Estamos inmersos [&hellip;]<\/p>\n","protected":false},"author":2,"featured_media":1043,"comment_status":"closed","ping_status":"open","sticky":false,"template":"","format":"standard","meta":{"site-sidebar-layout":"default","site-content-layout":"default","ast-site-content-layout":"default","site-content-style":"default","site-sidebar-style":"default","ast-global-header-display":"","ast-banner-title-visibility":"","ast-main-header-display":"","ast-hfb-above-header-display":"","ast-hfb-below-header-display":"","ast-hfb-mobile-header-display":"","site-post-title":"","ast-breadcrumbs-content":"","ast-featured-img":"","footer-sml-layout":"","ast-disable-related-posts":"","theme-transparent-header-meta":"default","adv-header-id-meta":"","stick-header-meta":"","header-above-stick-meta":"","header-main-stick-meta":"","header-below-stick-meta":"","astra-migrate-meta-layouts":"default","ast-page-background-enabled":"default","ast-page-background-meta":{"desktop":{"background-color":"var(--ast-global-color-4)","background-image":"","background-repeat":"repeat","background-position":"center center","background-size":"auto","background-attachment":"scroll","background-type":"","background-media":"","overlay-type":"","overlay-color":"","overlay-opacity":"","overlay-gradient":""},"tablet":{"background-color":"","background-image":"","background-repeat":"repeat","background-position":"center center","background-size":"auto","background-attachment":"scroll","background-type":"","background-media":"","overlay-type":"","overlay-color":"","overlay-opacity":"","overlay-gradient":""},"mobile":{"background-color":"","background-image":"","background-repeat":"repeat","background-position":"center center","background-size":"auto","background-attachment":"scroll","background-type":"","background-media":"","overlay-type":"","overlay-color":"","overlay-opacity":"","overlay-gradient":""}},"ast-content-background-meta":{"desktop":{"background-color":"var(--ast-global-color-5)","background-image":"","background-repeat":"repeat","background-position":"center center","background-size":"auto","background-attachment":"scroll","background-type":"","background-media":"","overlay-type":"","overlay-color":"","overlay-opacity":"","overlay-gradient":""},"tablet":{"background-color":"var(--ast-global-color-5)","background-image":"","background-repeat":"repeat","background-position":"center center","background-size":"auto","background-attachment":"scroll","background-type":"","background-media":"","overlay-type":"","overlay-color":"","overlay-opacity":"","overlay-gradient":""},"mobile":{"background-color":"var(--ast-global-color-5)","background-image":"","background-repeat":"repeat","background-position":"center center","background-size":"auto","background-attachment":"scroll","background-type":"","background-media":"","overlay-type":"","overlay-color":"","overlay-opacity":"","overlay-gradient":""}},"footnotes":""},"categories":[57],"tags":[530,532,531,534,529,533],"class_list":["post-1039","post","type-post","status-publish","format-standard","has-post-thumbnail","hentry","category-diversidad-e-inclusion","tag-11-de-febrero","tag-equidad","tag-igualdad","tag-igualdad-de-oportunidades","tag-mujeres-en-la-ciencia","tag-respeto-de-genero"],"amp_enabled":true,"_links":{"self":[{"href":"https:\/\/itconnect.lat\/portal\/wp-json\/wp\/v2\/posts\/1039","targetHints":{"allow":["GET"]}}],"collection":[{"href":"https:\/\/itconnect.lat\/portal\/wp-json\/wp\/v2\/posts"}],"about":[{"href":"https:\/\/itconnect.lat\/portal\/wp-json\/wp\/v2\/types\/post"}],"author":[{"embeddable":true,"href":"https:\/\/itconnect.lat\/portal\/wp-json\/wp\/v2\/users\/2"}],"replies":[{"embeddable":true,"href":"https:\/\/itconnect.lat\/portal\/wp-json\/wp\/v2\/comments?post=1039"}],"version-history":[{"count":3,"href":"https:\/\/itconnect.lat\/portal\/wp-json\/wp\/v2\/posts\/1039\/revisions"}],"predecessor-version":[{"id":1047,"href":"https:\/\/itconnect.lat\/portal\/wp-json\/wp\/v2\/posts\/1039\/revisions\/1047"}],"wp:featuredmedia":[{"embeddable":true,"href":"https:\/\/itconnect.lat\/portal\/wp-json\/wp\/v2\/media\/1043"}],"wp:attachment":[{"href":"https:\/\/itconnect.lat\/portal\/wp-json\/wp\/v2\/media?parent=1039"}],"wp:term":[{"taxonomy":"category","embeddable":true,"href":"https:\/\/itconnect.lat\/portal\/wp-json\/wp\/v2\/categories?post=1039"},{"taxonomy":"post_tag","embeddable":true,"href":"https:\/\/itconnect.lat\/portal\/wp-json\/wp\/v2\/tags?post=1039"}],"curies":[{"name":"wp","href":"https:\/\/api.w.org\/{rel}","templated":true}]}}